{"id":135916,"date":"2026-01-02T14:00:15","date_gmt":"2026-01-02T14:00:15","guid":{"rendered":"https:\/\/klak.is\/?p=135916"},"modified":"2026-01-02T14:00:51","modified_gmt":"2026-01-02T14:00:51","slug":"askoranir-bakhjarla-til-haskolanema-hugmyndahradhlaup-gulleggsins-landsbankans-9-10-jan","status":"publish","type":"post","link":"https:\/\/klak.is\/en\/askoranir-bakhjarla-til-haskolanema-hugmyndahradhlaup-gulleggsins-landsbankans-9-10-jan\/","title":{"rendered":"\u00c1skoranir bakhjarla til h\u00e1sk\u00f3lanema &#8211;\u00a0Hugmyndahra\u00f0hlaup Gulleggsins &amp; Landsbankans 9.-10. jan"},"content":{"rendered":"<p><strong>Hugmyndahra\u00f0hlaup Gulleggsins &amp; Landsbankans ver\u00f0ur haldi\u00f0 \u00ed Landsbankanum helgina 9. \u2013 10. jan\u00faar 2026.<\/strong><\/p>\n\n\n\n<p>Hugmyndahra\u00f0hlaupi\u00f0 er lausnam\u00f3t opi\u00f0 \u00f6llum h\u00e1sk\u00f3lanemum \u00e1 \u00cdslandi og er kj\u00f6ri\u00f0 t\u00e6kif\u00e6ri til \u00feess a\u00f0 mynda teymi og \u00fer\u00f3a me\u00f0 \u00fev\u00ed n\u00fdsk\u00f6punarhugmynd innan \u00f6flugs stu\u00f0ningsumhverfis.<\/p>\n\n\n\n<p>Lausnam\u00f3t er n\u00fdsk\u00f6punarkeppni \u00fear sem \u00e1hugasamt f\u00f3lk kemur saman og skapar lausnir vi\u00f0 raunverulegum vandam\u00e1lum.<br>\u00deeir bakhjarlar Gulleggsins sem taka \u00fe\u00e1tt \u00ed Hugmyndahra\u00f0hlaupinu eru:&nbsp;<strong>ELKO<\/strong>,&nbsp;<strong>University of Reykjavik<\/strong>,&nbsp;<strong>KPMG<\/strong>,&nbsp;<strong>JBT Marel<\/strong>&nbsp;and&nbsp;<strong>City of Reykjav\u00edk<\/strong>. \u00deau munu kynna raunverulegar \u00e1skoranir fyrir \u00fe\u00e1tttakendur lausnam\u00f3tsins a\u00f0 leysa.<\/p>\n\n\n\n<p>Sigurvegarar Hugmyndahra\u00f0hlaups Gulleggsins &amp; Landsbankans f\u00e1 a\u00f0 launum 150.000 kr og tryggt s\u00e6ti \u00ed Topp 10 h\u00f3pnum \u00ed Lokakeppni Gulleggsins! \ud83d\ude80<\/p>\n\n\n\n<p>\u00c1skoranir bakhjarla eru eftirfarandi:&nbsp;<\/p>\n\n\n\n<ul class=\"wp-block-list\">\n<li>fr\u00e1\u00a0<strong>H\u00e1sk\u00f3lanum \u00ed Reykjav\u00edk<\/strong>: hvernig gerum vi\u00f0 stafr\u00e6nt n\u00e1m hvetjandi og skemmtilegt \u00feannig f\u00f3lk kl\u00e1ri \u00e1fangana sem \u00fea\u00f0 skr\u00e1ir sig \u00ed?<\/li>\n\n\n\n<li>fr\u00e1\u00a0<strong>ELKO<\/strong>: hvernig eflum vi\u00f0 langt\u00edmasamband vi\u00f0 vi\u00f0skiptavini ELKO?<\/li>\n\n\n\n<li>fr\u00e1\u00a0<strong>JBT Marel<\/strong>: hvernig geta minni matv\u00e6laframlei\u00f0endur n\u00fdtt s\u00e9r sj\u00e1lfvirkniv\u00e6\u00f0ingu og snjallar t\u00e6knilausnir?<\/li>\n\n\n\n<li>fr\u00e1\u00a0<strong>KPMG<\/strong>: hvernig getum vi\u00f0 gert fyrirt\u00e6kjum kleift a\u00f0 n\u00fdta gervigreind svo ni\u00f0urst\u00f6\u00f0urnar s\u00e9u gagns\u00e6jar fyrir notendur?<\/li>\n\n\n\n<li>fr\u00e1\u00a0<strong>City of Reykjav\u00edk<\/strong>: hvernig getum vi\u00f0 gert samskipti \u00e1 milli \u00edb\u00faa og sveitarf\u00e9lags markviss, svo a\u00f0 f\u00f3lki\u00f0 \u00ed borginni geti haft \u00e1hrif \u00e1 n\u00e6rsamf\u00e9lag sitt?<\/li>\n<\/ul>\n\n\n\n<div class=\"wp-block-buttons is-content-justification-center is-layout-flex wp-container-core-buttons-is-layout-a89b3969 wp-block-buttons-is-layout-flex\">\n<div class=\"wp-block-button\"><a class=\"wp-block-button__link wp-element-button\" href=\"https:\/\/innovit.wufoo.com\/forms\/wwbil9n19n4qy6\/?fbclid=IwY2xjawO2EpJleHRuA2FlbQIxMABicmlkETFrbE5FTHQ4QTRuRVN2d0dRc3J0YwZhcHBfaWQQMjIyMDM5MTc4ODIwMDg5MgABHjEKSTqXEQc459jw8WnGCHcoqi77_y3GynZCJhSNGtQ6pMi-xX_YNtv2dN4F_aem_xmCbRNgr0CCzSz9wgx4Isg\">Skr\u00e1ning h\u00e9r<\/a><\/div>\n<\/div>\n\n\n\n<p><strong>A\u00f0eins 50 pl\u00e1ss \u00ed bo\u00f0i. Fyrstir koma, fyrstir f\u00e1!<\/strong><\/p>\n\n\n\n<p><\/p>","protected":false},"excerpt":{"rendered":"<p>Hugmyndahra\u00f0hlaup Gulleggsins &amp; Landsbankans ver\u00f0ur haldi\u00f0 \u00ed Landsbankanum helgina 9. \u2013 10. jan\u00faar 2026. Hugmyndahra\u00f0hlaupi\u00f0 er lausnam\u00f3t opi\u00f0 \u00f6llum h\u00e1sk\u00f3lanemum \u00e1 \u00cdslandi og er kj\u00f6ri\u00f0 t\u00e6kif\u00e6ri til \u00feess a\u00f0 mynda teymi og \u00fer\u00f3a me\u00f0 \u00fev\u00ed n\u00fdsk\u00f6punarhugmynd innan \u00f6flugs stu\u00f0ningsumhverfis. Lausnam\u00f3t er n\u00fdsk\u00f6punarkeppni \u00fear sem \u00e1hugasamt f\u00f3lk kemur saman og skapar lausnir vi\u00f0 raunverulegum vandam\u00e1lum.\u00deeir bakhjarlar [&hellip;]<\/p>\n","protected":false},"author":25,"featured_media":135920,"comment_status":"closed","ping_status":"closed","sticky":false,"template":"","format":"standard","meta":{"_acf_changed":false,"wds_primary_category":10,"wds_primary_project":0,"footnotes":""},"categories":[10],"tags":[],"project":[1275],"birta":[],"class_list":["post-135916","post","type-post","status-publish","format-standard","has-post-thumbnail","hentry","category-gulleggid","project-gulleggid"],"acf":{"tengd_verkefni":null},"_links":{"self":[{"href":"https:\/\/klak.is\/en\/wp-json\/wp\/v2\/posts\/135916","targetHints":{"allow":["GET"]}}],"collection":[{"href":"https:\/\/klak.is\/en\/wp-json\/wp\/v2\/posts"}],"about":[{"href":"https:\/\/klak.is\/en\/wp-json\/wp\/v2\/types\/post"}],"author":[{"embeddable":true,"href":"https:\/\/klak.is\/en\/wp-json\/wp\/v2\/users\/25"}],"replies":[{"embeddable":true,"href":"https:\/\/klak.is\/en\/wp-json\/wp\/v2\/comments?post=135916"}],"version-history":[{"count":0,"href":"https:\/\/klak.is\/en\/wp-json\/wp\/v2\/posts\/135916\/revisions"}],"wp:featuredmedia":[{"embeddable":true,"href":"https:\/\/klak.is\/en\/wp-json\/wp\/v2\/media\/135920"}],"wp:attachment":[{"href":"https:\/\/klak.is\/en\/wp-json\/wp\/v2\/media?parent=135916"}],"wp:term":[{"taxonomy":"category","embeddable":true,"href":"https:\/\/klak.is\/en\/wp-json\/wp\/v2\/categories?post=135916"},{"taxonomy":"post_tag","embeddable":true,"href":"https:\/\/klak.is\/en\/wp-json\/wp\/v2\/tags?post=135916"},{"taxonomy":"project","embeddable":true,"href":"https:\/\/klak.is\/en\/wp-json\/wp\/v2\/project?post=135916"},{"taxonomy":"birta","embeddable":true,"href":"https:\/\/klak.is\/en\/wp-json\/wp\/v2\/birta?post=135916"}],"curies":[{"name":"wp","href":"https:\/\/api.w.org\/{rel}","templated":true}]}}