{"id":1827,"date":"2022-03-01T14:42:39","date_gmt":"2022-03-01T14:42:39","guid":{"rendered":"https:\/\/klak.is\/?p=1827"},"modified":"2022-03-21T15:39:58","modified_gmt":"2022-03-21T15:39:58","slug":"presentation-meeting-call-2022-takes-place-on-march-4","status":"publish","type":"post","link":"https:\/\/klak.is\/en\/kynningarfundur-hringidu-2022-fer-fram-4-mars\/","title":{"rendered":"The introductory meeting of Hringi\u00f0a 2022 took place on March 4"},"content":{"rendered":"<div data-elementor-type=\"wp-post\" data-elementor-id=\"1827\" class=\"elementor elementor-1827\" data-elementor-post-type=\"post\">\n\t\t\t\t\t\t<section class=\"ob-is-breaking-bad elementor-section elementor-top-section elementor-element elementor-element-7b2f17c0 elementor-section-boxed elementor-section-height-default elementor-section-height-default\" data-id=\"7b2f17c0\" data-element_type=\"section\" data-e-type=\"section\" data-settings=\"{&quot;_ob_bbad_use_it&quot;:&quot;yes&quot;,&quot;_ob_bbad_sssic_use&quot;:&quot;no&quot;,&quot;_ob_glider_is_slider&quot;:&quot;no&quot;}\">\n\t\t\t\t\t\t<div class=\"elementor-container elementor-column-gap-default\">\n\t\t\t\t\t<div class=\"elementor-column elementor-col-100 elementor-top-column elementor-element elementor-element-52aab1fa\" data-id=\"52aab1fa\" data-element_type=\"column\" data-e-type=\"column\" data-settings=\"{&quot;_ob_bbad_is_stalker&quot;:&quot;no&quot;,&quot;_ob_teleporter_use&quot;:false,&quot;_ob_column_hoveranimator&quot;:&quot;no&quot;,&quot;_ob_column_has_pseudo&quot;:&quot;no&quot;}\">\n\t\t\t<div class=\"elementor-widget-wrap elementor-element-populated\">\n\t\t\t\t\t\t<div class=\"elementor-element elementor-element-26359aad ob-harakiri-inherit ob-has-background-overlay elementor-widget elementor-widget-text-editor\" data-id=\"26359aad\" data-element_type=\"widget\" data-e-type=\"widget\" data-settings=\"{&quot;_ob_use_harakiri&quot;:&quot;yes&quot;,&quot;_ob_harakiri_writing_mode&quot;:&quot;inherit&quot;,&quot;_ob_postman_use&quot;:&quot;no&quot;,&quot;_ob_perspektive_use&quot;:&quot;no&quot;,&quot;_ob_poopart_use&quot;:&quot;yes&quot;,&quot;_ob_shadough_use&quot;:&quot;no&quot;,&quot;_ob_allow_hoveranimator&quot;:&quot;no&quot;,&quot;_ob_widget_stalker_use&quot;:&quot;no&quot;}\" data-widget_type=\"text-editor.default\">\n\t\t\t\t<div class=\"elementor-widget-container\">\n\t\t\t\t\t\t\t\t\t\n<div class=\"wp-block-image\">\n<figure class=\"aligncenter size-large\">\n<p><img fetchpriority=\"high\" decoding=\"async\" class=\"aligncenter wp-image-2281 size-large\" src=\"https:\/\/klakstartup.wpengine.com\/wp-content\/uploads\/2022\/03\/Copy-of-milliglaera-nota-thessa-1024x576.jpg\" alt=\"\" width=\"800\" height=\"450\" srcset=\"https:\/\/klak.is\/wp-content\/uploads\/2022\/03\/Copy-of-milliglaera-nota-thessa-1024x576.jpg 1024w, https:\/\/klak.is\/wp-content\/uploads\/2022\/03\/Copy-of-milliglaera-nota-thessa-300x169.jpg 300w, https:\/\/klak.is\/wp-content\/uploads\/2022\/03\/Copy-of-milliglaera-nota-thessa-768x432.jpg 768w, https:\/\/klak.is\/wp-content\/uploads\/2022\/03\/Copy-of-milliglaera-nota-thessa-1536x864.jpg 1536w, https:\/\/klak.is\/wp-content\/uploads\/2022\/03\/Copy-of-milliglaera-nota-thessa.jpg 1920w\" sizes=\"(max-width: 800px) 100vw, 800px\" \/><\/p>\n<\/figure>\n<\/div>\n\n<p>Hringi\u00f0a&#039;s presentation meeting took place on Friday, March 4, 2022 at 11:00 live streaming. Hringi\u00f0a is an accelerator intended to highlight, promote and support start-ups and innovative projects of companies and institutions.<\/p>\n\n<p>Hringi\u00f0a&#039;s goal is that at the end of the accelerator, the participants will be ready to apply for the European grants of the LIFE program, which are based on the concept of the circular economy. LIFE is one of the EU cooperation programs that has financed projects in the field of climate and environmental issues since 1992. <br \/><br \/>The LIFE program plays an important role in achieving in the coming years the necessary transition to a cleaner, energy-efficient and carbon-neutral society in the spirit of the circular economy. The accelerator runs for eight weeks, from the end of April to June, and is done with experts from <em>Inspiralia <\/em>and <em>Rann\u00eds<\/em>.<\/p>\n\n<p>The accelerator is managed <em>Icelandic Startups<\/em> which for many years has provided assistance in the development of business ideas and brought together a group of stakeholders with value creation as a guiding principle. <span style=\"color: var( --e-global-color-text ); font-family: var( --e-global-typography-text-font-family ), Inter Sans-serif; font-size: var( --e-global-typography-text-font-size ); font-style: var( --e-global-typography-text-font-style ); font-weight: var( --e-global-typography-text-font-weight ); letter-spacing: var( --e-global-typography-text-letter-spacing ); text-transform: var( --e-global-typography-text-text-transform ); background-color: var( --e-global-color-9670681 );\">To the project stand\u00a0<\/span><span style=\"color: var( --e-global-color-text ); font-family: var( --e-global-typography-text-font-family ), Inter Sans-serif; font-size: var( --e-global-typography-text-font-size ); font-style: var( --e-global-typography-text-font-style ); font-weight: var( --e-global-typography-text-font-weight ); letter-spacing: var( --e-global-typography-text-letter-spacing ); text-transform: var( --e-global-typography-text-text-transform ); background-color: var( --e-global-color-9670681 );\">\u00a0<em>Power supply\u00a0<\/em><\/span><span style=\"color: var( --e-global-color-text ); font-family: var( --e-global-typography-text-font-family ), Inter Sans-serif; font-size: var( --e-global-typography-text-font-size ); font-style: var( --e-global-typography-text-font-style ); font-weight: var( --e-global-typography-text-font-weight ); letter-spacing: var( --e-global-typography-text-letter-spacing ); text-transform: var( --e-global-typography-text-text-transform ); background-color: var( --e-global-color-9670681 );\"><em>Reykjav\u00edk<\/em>,\u00a0<\/span><span style=\"color: var( --e-global-color-text ); font-family: var( --e-global-typography-text-font-family ), Inter Sans-serif; font-size: var( --e-global-typography-text-font-size ); font-style: var( --e-global-typography-text-font-style ); font-weight: var( --e-global-typography-text-font-weight ); letter-spacing: var( --e-global-typography-text-letter-spacing ); text-transform: var( --e-global-typography-text-text-transform ); background-color: var( --e-global-color-9670681 );\"><em>The Ministry of the Environment, Energy and Climate<\/em>, <em>City of Reykjav\u00edk<\/em>, <em>Garbage<\/em>, <em>Terra<\/em>, <strong><span style=\"font-weight: 400;\"><em>Faxafl\u00f3 ports<\/em>, <em>Industry Association<\/em> and <em>\u00d6lger\u00f0in<\/em><\/span><\/strong>.<\/span><span style=\"color: var( --e-global-color-text ); font-family: var( --e-global-typography-text-font-family ), Inter Sans-serif; font-size: var( --e-global-typography-text-font-size ); font-style: var( --e-global-typography-text-font-style ); font-weight: var( --e-global-typography-text-font-weight ); letter-spacing: var( --e-global-typography-text-letter-spacing ); text-transform: var( --e-global-typography-text-text-transform ); background-color: var( --e-global-color-9670681 );\">\u00a0<\/span><\/p>\n\n<p>\u00a0<\/p>\n\t\t\t\t\t\t\t\t<\/div>\n\t\t\t\t<\/div>\n\t\t\t\t\t<\/div>\n\t\t<\/div>\n\t\t\t\t\t<\/div>\n\t\t<\/section>\n\t\t\t\t<\/div>","protected":false},"excerpt":{"rendered":"<p>Kynningarfundur Hringi\u00f0u f\u00f3r fram f\u00f6studaginn 4. mars 2022 kl. 11:00 \u00ed beinu streymi. Hringi\u00f0a er hra\u00f0all sem \u00e6tla\u00f0ur er a\u00f0 draga fram, efla og sty\u00f0ja vi\u00f0 sprotafyrirt\u00e6ki og n\u00fdsk\u00f6punarverkefni fyrirt\u00e6kja og stofnanna. Markmi\u00f0 Hringi\u00f0u er a\u00f0 \u00fe\u00e1tttakendur ver\u00f0i \u00ed lok hra\u00f0als \u00ed stakk b\u00fain til a\u00f0 s\u00e6kja \u00ed Evr\u00f3pustyrki LIFE-\u00e1\u00e6tlarinnar sem byggja \u00e1 hugmyndafr\u00e6\u00f0i hringr\u00e1sarhagkerfisins. [&hellip;]<\/p>\n","protected":false},"author":25,"featured_media":1828,"comment_status":"closed","ping_status":"closed","sticky":false,"template":"","format":"standard","meta":{"_acf_changed":false,"wds_primary_category":0,"wds_primary_project":0,"footnotes":""},"categories":[18],"tags":[93,102,101,49,109,105,54,81,92,103,108,56,112,111,107,97,104,96,110,98,99],"project":[],"birta":[],"class_list":["post-1827","post","type-post","status-publish","format-standard","has-post-thumbnail","hentry","category-hringida","tag-bakhjarlar","tag-esb","tag-evropustyrki-life-2","tag-groska","tag-hradallinn","tag-hrein-orka","tag-hringida","tag-hringrasarhagkerfisins","tag-icelandic-startups","tag-inspiralia","tag-kolefnishlutlaust","tag-kynningarfundur","tag-loftslags-og-umhverfismala","tag-nyskopunarverkefni","tag-orkunyta","tag-orkuveita-reykjavikur","tag-rannis","tag-reykjavikurborg","tag-sprotafyrirtaeki","tag-verdmaetaskopun","tag-vidskiptahugmynda"],"acf":{"tengd_verkefni":null},"_links":{"self":[{"href":"https:\/\/klak.is\/en\/wp-json\/wp\/v2\/posts\/1827","targetHints":{"allow":["GET"]}}],"collection":[{"href":"https:\/\/klak.is\/en\/wp-json\/wp\/v2\/posts"}],"about":[{"href":"https:\/\/klak.is\/en\/wp-json\/wp\/v2\/types\/post"}],"author":[{"embeddable":true,"href":"https:\/\/klak.is\/en\/wp-json\/wp\/v2\/users\/25"}],"replies":[{"embeddable":true,"href":"https:\/\/klak.is\/en\/wp-json\/wp\/v2\/comments?post=1827"}],"version-history":[{"count":0,"href":"https:\/\/klak.is\/en\/wp-json\/wp\/v2\/posts\/1827\/revisions"}],"wp:featuredmedia":[{"embeddable":true,"href":"https:\/\/klak.is\/en\/wp-json\/wp\/v2\/media\/1828"}],"wp:attachment":[{"href":"https:\/\/klak.is\/en\/wp-json\/wp\/v2\/media?parent=1827"}],"wp:term":[{"taxonomy":"category","embeddable":true,"href":"https:\/\/klak.is\/en\/wp-json\/wp\/v2\/categories?post=1827"},{"taxonomy":"post_tag","embeddable":true,"href":"https:\/\/klak.is\/en\/wp-json\/wp\/v2\/tags?post=1827"},{"taxonomy":"project","embeddable":true,"href":"https:\/\/klak.is\/en\/wp-json\/wp\/v2\/project?post=1827"},{"taxonomy":"birta","embeddable":true,"href":"https:\/\/klak.is\/en\/wp-json\/wp\/v2\/birta?post=1827"}],"curies":[{"name":"wp","href":"https:\/\/api.w.org\/{rel}","templated":true}]}}