{"id":268157,"date":"2026-09-03T15:26:20","date_gmt":"2026-09-03T15:26:20","guid":{"rendered":"https:\/\/klak.is\/?p=268157"},"modified":"2026-09-03T15:26:21","modified_gmt":"2026-09-03T15:26:21","slug":"frabaer-vika-a-techbbq-ad-baki","status":"publish","type":"post","link":"https:\/\/klak.is\/en\/frabaer-vika-a-techbbq-ad-baki\/","title":{"rendered":"Fr\u00e1b\u00e6r vika \u00e1 TechBBQ a\u00f0 baki"},"content":{"rendered":"<p class=\"wp-block-paragraph\"><strong>Um fj\u00f6rut\u00edu \u00edslensk fyrirt\u00e6ki, sj\u00f3\u00f0ir og stofnanir s\u00f3ttu TechBBQ \u00ed Kaupmannah\u00f6fn 26.\u201327. \u00e1g\u00fast, eina st\u00e6rstu sprotar\u00e1\u00f0stefnu Nor\u00f0urlanda. KLAK &#8211; Icelandic Startups h\u00e9lt \u00fear vi\u00f0bur\u00f0inn Supernovas of Tomorrow, \u00fear sem sex af t\u00edu teymum Startup SuperNova kynntu lausnir s\u00ednar fyrir al\u00fej\u00f3\u00f0legum gestum.<\/strong><\/p>\n\n\n\n<p class=\"wp-block-paragraph\"><\/p>\n\n\n\n<p class=\"wp-block-paragraph\">TechBBQ var haldin \u00ed Bella Center \u00ed Kaupmannah\u00f6fn dagana 26. og 27. \u00e1g\u00fast og dr\u00f3 til s\u00edn yfir t\u00edu \u00fe\u00fasund gesti, meira en 1.500 fj\u00e1rfesta, um 3.000 sprotafyrirt\u00e6ki og yfir 340 fyrirlesara. R\u00e1\u00f0stefnan er or\u00f0in einn helsti samkomusta\u00f0ur norr\u00e6na n\u00fdsk\u00f6punarvistkerfisins \u2013 og \u00ed \u00e1r var \u00edslenska vi\u00f0veran \u00f3venju sterk.<\/p>\n\n\n\n<p class=\"wp-block-paragraph\">\u00cdslandsstofa leiddi sendinefndina, sem samanst\u00f3\u00f0 af um fj\u00f6rut\u00edu \u00edslenskum fyrirt\u00e6kjum, fj\u00e1rfestingarsj\u00f3\u00f0um og stofnunum. \u00c1 me\u00f0al \u00feeirra voru Crowberry Capital, Frumtak Ventures, Kr\u00eda, Kerecis, Kara Connect, DTE, Taktikal, Hefring, Humble, Kveikja, PLAIO, Swapp Agency og KLAK &#8211; Icelandic Startups. \u00cdslenski b\u00e1sinn C2-019 var\u00f0 heimah\u00f6fn h\u00f3psins b\u00e1\u00f0a dagana og daginn fyrir r\u00e1\u00f0stefnuna bau\u00f0 sendiherra \u00cdslands \u00ed Danm\u00f6rku sendinefndinni til tengslam\u00f3ts \u00e1 sendiherrab\u00fasta\u00f0num.<\/p>\n\n\n\n<h2 class=\"wp-block-heading\"><strong>Supernovas of Tomorrow<\/strong><\/h2>\n\n\n\n<p class=\"wp-block-paragraph\">H\u00e1punktur KLAK \u00e1 r\u00e1\u00f0stefnunni var vi\u00f0bur\u00f0urinn <strong>Supernovas of Tomorrow<\/strong>, sem fram f\u00f3r \u00e1 Green Grill Session-svi\u00f0inu \u00ed Hall E \u00e1 fyrri degi r\u00e1\u00f0stefnunnar. \u00dear fengu teymi \u00far Startup SuperNova, vettvang til a\u00f0 kynna lausnir s\u00ednar fyrir fj\u00e1rfestum, samstarfsa\u00f0ilum og gestum fr\u00e1 \u00f6llum Nor\u00f0url\u00f6ndunum.<\/p>\n\n\n\n<p class=\"wp-block-paragraph\">Sex af t\u00edu teymum yfirstandandi hra\u00f0als stigu \u00e1 svi\u00f0:<\/p>\n\n\n\n<ul class=\"wp-block-list\">\n<li><strong>Appfold<\/strong> \u2013 ers\u00f3nulegur hugb\u00fana\u00f0arvettvangur sem b\u00fdr til, h\u00fdsir og deilir sm\u00e1forritum me\u00f0 gervigreind, \u00e1n forritunarkunn\u00e1ttu.<\/li>\n\n\n\n<li><strong>Comenius<\/strong> \u2013 gervigreindardrifi\u00f0 stj\u00f3rnkerfi fyrir sk\u00f3la<\/li>\n\n\n\n<li><strong>FreightFlow<\/strong> \u2013 stafr\u00e6nn vettvangur fyrir v\u00f6ruflutninga og flutningsmi\u00f0lun<\/li>\n\n\n\n<li><strong>MAGNEA<\/strong> \u2013 gervigreind til ver\u00f0sp\u00e1r fyrir \u00fatflytjendur sj\u00e1varfangs<\/li>\n\n\n\n<li><strong>Ogma<\/strong> \u2013 lausn sem sty\u00f0ur m\u00e1l\u00feroska barna me\u00f0 gervigreind<\/li>\n\n\n\n<li><strong>Sinope<\/strong> \u2013 gervigreind sem einfaldar reglufylgni og vottunarferli fyrir sprotafyrirt\u00e6ki<\/li>\n<\/ul>\n\n\n\n<p class=\"wp-block-paragraph\">Fyrir teymi sem eru \u00ferj\u00e1r vikur inn \u00ed hra\u00f0al er reynslan af \u00fev\u00ed a\u00f0 kynna \u00e1 al\u00fej\u00f3\u00f0legu svi\u00f0i \u00f3metanleg. \u00deau f\u00e1 ekki a\u00f0eins \u00e6fingu \u00ed a\u00f0 \u00fejappa s\u00f6gunni sinni saman \u00ed nokkrar m\u00edn\u00fatur fyrir \u00e1heyrendur sem \u00feekkja ekki \u00edslenskan marka\u00f0 \u2013 \u00feau f\u00e1 l\u00edka fyrstu raunverulegu vi\u00f0br\u00f6g\u00f0in fr\u00e1 fj\u00e1rfestum og samstarfsa\u00f0ilum utan landsteinanna.<\/p>\n\n\n\n<p class=\"wp-block-paragraph\">\u201eA\u00f0 f\u00e1 a\u00f0 taka Startup SuperNova teymin me\u00f0 \u00e1 TechBBQ \u00e1 me\u00f0an \u00e1 hra\u00f0linum stendur var fr\u00e1b\u00e6r reynsla. \u00dear fengu \u00feau a\u00f0 st\u00edga \u00fat fyrir \u00edslenska marka\u00f0inn, kynna hugmyndir s\u00ednar fyrir al\u00fej\u00f3\u00f0legum a\u00f0ilum og f\u00e1 fyrstu samt\u00f6lin me\u00f0 fj\u00e1rfestum og m\u00f6gulegum samstarfsa\u00f0ilum. \u00deetta er n\u00e1kv\u00e6mlega \u00fea\u00f0 sem vi\u00f0 leggjum upp me\u00f0 fyrir teymin \u00ed Startup SuperNova \u2013 a\u00f0 gefa \u00feeim vettvang til a\u00f0 hugsa st\u00e6rra, b\u00e6\u00f0i \u00e1 \u00cdslandi og \u00fat fyrir landsteinana.&#8220; segir Magn\u00fas Da\u00f0i Eyj\u00f3lfsson, verkefnastj\u00f3ri Startup SuperNova<\/p>\n\n\n\n<h2 class=\"wp-block-heading\"><strong>Alumni t\u00f3ku \u00fe\u00e1tt<\/strong><\/h2>\n\n\n\n<p class=\"wp-block-paragraph\">Vi\u00f0bur\u00f0urinn var ekki eing\u00f6ngu fyrir teymin \u00ed Startup SuperNova 2026. <strong>PLAIO<\/strong> and <strong>Swapp Agency<\/strong>, tv\u00f6 fyrirt\u00e6ki \u00far alumni-neti KLAK sem b\u00e6\u00f0i voru hluti af \u00edslensku sendinefndinni, fluttu fimm m\u00edn\u00fatna erindi. \u00deau s\u00fdndu \u00ed reynd hva\u00f0 gerist \u00feegar hugmynd sem hefur fari\u00f0 \u00ed gegnum hra\u00f0al f\u00e6r t\u00edma til a\u00f0 vaxa, og g\u00e1fu teymunum \u00ed salnum \u00e1\u00fereifanlega mynd af n\u00e6stu skrefum.<\/p>\n\n\n\n<p class=\"wp-block-paragraph\">\u00deessi samsetning, teymi \u00e1 fyrstu stigum vi\u00f0 hli\u00f0 fyrirt\u00e6kja sem eru nokkrum \u00e1rum \u00e1 undan, er kjarninn \u00ed \u00fev\u00ed hvernig KLAK vinnur. Tengslaneti\u00f0 er ekki eitthva\u00f0 sem teymi f\u00e1 afhent vi\u00f0 lok hra\u00f0als, heldur samf\u00e9lag sem \u00feau ganga inn \u00ed.<\/p>\n\n\n\n<h2 class=\"wp-block-heading\"><strong>\u00cdslendingar \u00e1 svi\u00f0um r\u00e1\u00f0stefnunnar<\/strong><\/h2>\n\n\n\n<p class=\"wp-block-paragraph\">\u00cdslensk vi\u00f0vera var v\u00ed\u00f0ar en \u00e1 KLAK-vi\u00f0bur\u00f0inum. Sandra Mj\u00f6ll J\u00f3nsd\u00f3ttir-Buch hj\u00e1 F\u00f6nn og D\u00f3ra Hl\u00edn G\u00edslad\u00f3ttir hj\u00e1 Kerecis fluttu b\u00e6\u00f0i erindi \u00e1 Life Science x Deep Tech-svi\u00f0inu, \u00fear sem Kerecis rakti vaxtars\u00f6gu s\u00edna fr\u00e1 \u00edslensku fiskiro\u00f0i til al\u00fej\u00f3\u00f0legs vefjal\u00e6kningamarka\u00f0ar. Andri Geir Arnarson hj\u00e1 Humble t\u00f3k \u00fe\u00e1tt \u00ed panel \u00e1 Nordic\u2013India Startup Summit, Kveikja st\u00fdr\u00f0i grill session um gervigreind og jafnr\u00e9tti, og \u00e1 \u00f6\u00f0rum degi sat J\u00f3n Ingi Benediktsson fr\u00e1 menningar-, n\u00fdsk\u00f6punar- og h\u00e1sk\u00f3lam\u00e1lar\u00e1\u00f0uneytinu \u00ed panel um norr\u00e6nt fj\u00e1rmagnsumhverfi. Tobba Vigf\u00fasd\u00f3ttir hj\u00e1 Kara Connect fjalla\u00f0i um \u00fea\u00f0 a\u00f0 vaxa \u00e1 str\u00f6ngu regluverki evr\u00f3pska marka\u00f0arins.<\/p>\n\n\n\n<h2 class=\"wp-block-heading\"><strong>Norr\u00e6n kortlagning kynnt<\/strong><\/h2>\n\n\n\n<p class=\"wp-block-paragraph\">\u00c1 r\u00e1\u00f0stefnunni var einnig kynnt n\u00fd sk\u00fdrsla, <strong>State of the Nordic Innovation Ecosystem<\/strong>, sem KLAK vann a\u00f0 \u00ed samstarfi vi\u00f0 SISP, Smart Innovation Norway, TechBBQ, Startup Estonia og Maria 01, a\u00f0 frumkv\u00e6\u00f0i Nordic Innovation. Sk\u00fdrslan byggir \u00e1 kortlagningu 898 stofnana, 74 vi\u00f0t\u00f6lum og greiningu \u00e1 meira en 21.000 sprotafyrirt\u00e6kjum.<\/p>\n\n\n\n<p class=\"wp-block-paragraph\">Ni\u00f0ursta\u00f0an er sk\u00fdr: Nor\u00f0url\u00f6ndin eru me\u00f0al fremstu n\u00fdsk\u00f6punarsv\u00e6\u00f0a heims, en sprotafyrirt\u00e6ki flytja sig oft \u00far landi \u00feegar kemur a\u00f0 vaxtarstiginu. Vandinn er ekki skortur \u00e1 hugmyndum e\u00f0a h\u00e6fileikaf\u00f3lki \u2013 heldur sundrung. Fyrirt\u00e6ki \u00e1 einu \u00f6flugasta n\u00fdsk\u00f6punarsv\u00e6\u00f0i heims standa enn frammi fyrir sex a\u00f0skildum m\u00f6rku\u00f0um.<\/p>\n\n\n\n<h2 class=\"wp-block-heading\"><strong>Framhaldi\u00f0<\/strong><\/h2>\n\n\n\n<p class=\"wp-block-paragraph\">Fyrir KLAK var TechBBQ b\u00e6\u00f0i \u201cst\u00f3ra svi\u00f0i\u00f0\u201d og vinnuvika: fundir me\u00f0 fj\u00e1rfestum, samt\u00f6l um samstarf vi\u00f0 a\u00f0ra norr\u00e6na stu\u00f0ningsa\u00f0ila og r\u00e1\u00f0stefnur, og fj\u00f6ldi n\u00fdrra tengsla fyrir teymin \u00ed Startup SuperNova.<\/p>\n\n\n\n<p class=\"wp-block-paragraph\">Startup SuperNova heldur n\u00fa \u00e1fram af fullum krafti heima \u00ed Gr\u00f3sku, \u00fear sem fj\u00e1rm\u00f6gnun og fj\u00e1rfestasamt\u00f6l eru \u00ed forgrunni n\u00e6stu vikurnar \u00e1\u00f0ur en teymin kynna lausnir s\u00ednar \u00e1 uppskeruh\u00e1t\u00ed\u00f0 hra\u00f0alsins. N\u00e1nari uppl\u00fdsingar um hra\u00f0alinn og starf KLAK er a\u00f0 finna \u00e1 vefnum okkar.<\/p>","protected":false},"excerpt":{"rendered":"<p>Um fj\u00f6rut\u00edu \u00edslensk fyrirt\u00e6ki, sj\u00f3\u00f0ir og stofnanir s\u00f3ttu TechBBQ \u00ed Kaupmannah\u00f6fn 26.\u201327. \u00e1g\u00fast, eina st\u00e6rstu sprotar\u00e1\u00f0stefnu Nor\u00f0urlanda. KLAK &#8211; Icelandic Startups h\u00e9lt \u00fear vi\u00f0bur\u00f0inn Supernovas of Tomorrow, \u00fear sem sex af t\u00edu teymum Startup SuperNova kynntu lausnir s\u00ednar fyrir al\u00fej\u00f3\u00f0legum gestum. TechBBQ var haldin \u00ed Bella Center \u00ed Kaupmannah\u00f6fn dagana 26. og 27. \u00e1g\u00fast og [&hellip;]<\/p>\n","protected":false},"author":25,"featured_media":268163,"comment_status":"closed","ping_status":"closed","sticky":false,"template":"","format":"standard","meta":{"_acf_changed":true,"wds_primary_category":230,"wds_primary_project":0,"footnotes":""},"categories":[230],"tags":[],"project":[],"birta":[],"class_list":["post-268157","post","type-post","status-publish","format-standard","has-post-thumbnail","hentry","category-startup-supernova"],"acf":{"tengd_verkefni":[17402]},"_links":{"self":[{"href":"https:\/\/klak.is\/en\/wp-json\/wp\/v2\/posts\/268157","targetHints":{"allow":["GET"]}}],"collection":[{"href":"https:\/\/klak.is\/en\/wp-json\/wp\/v2\/posts"}],"about":[{"href":"https:\/\/klak.is\/en\/wp-json\/wp\/v2\/types\/post"}],"author":[{"embeddable":true,"href":"https:\/\/klak.is\/en\/wp-json\/wp\/v2\/users\/25"}],"replies":[{"embeddable":true,"href":"https:\/\/klak.is\/en\/wp-json\/wp\/v2\/comments?post=268157"}],"version-history":[{"count":0,"href":"https:\/\/klak.is\/en\/wp-json\/wp\/v2\/posts\/268157\/revisions"}],"acf:post":[{"embeddable":true,"href":"https:\/\/klak.is\/en\/wp-json\/wp\/v2\/verkefni\/17402"}],"wp:featuredmedia":[{"embeddable":true,"href":"https:\/\/klak.is\/en\/wp-json\/wp\/v2\/media\/268163"}],"wp:attachment":[{"href":"https:\/\/klak.is\/en\/wp-json\/wp\/v2\/media?parent=268157"}],"wp:term":[{"taxonomy":"category","embeddable":true,"href":"https:\/\/klak.is\/en\/wp-json\/wp\/v2\/categories?post=268157"},{"taxonomy":"post_tag","embeddable":true,"href":"https:\/\/klak.is\/en\/wp-json\/wp\/v2\/tags?post=268157"},{"taxonomy":"project","embeddable":true,"href":"https:\/\/klak.is\/en\/wp-json\/wp\/v2\/project?post=268157"},{"taxonomy":"birta","embeddable":true,"href":"https:\/\/klak.is\/en\/wp-json\/wp\/v2\/birta?post=268157"}],"curies":[{"name":"wp","href":"https:\/\/api.w.org\/{rel}","templated":true}]}}