{"id":2919,"date":"2022-05-13T15:14:39","date_gmt":"2022-05-13T15:14:39","guid":{"rendered":"https:\/\/klak.is\/?p=2919"},"modified":"2022-05-13T15:14:41","modified_gmt":"2022-05-13T15:14:41","slug":"gudlaugr-thor-and-gisli-marteinn-solve-the-climate-problem","status":"publish","type":"post","link":"https:\/\/klak.is\/en\/gudlaugur-thor-og-gisli-marteinn-leysa-loftlagsvandann\/","title":{"rendered":"Gu\u00f0laugur \u00de\u00f3r and G\u00edsli Marteinn solve the climate problem!"},"content":{"rendered":"<p>Next Wednesday, KLAK will hold an event in Tjarnarsal R\u00e1dh\u00fas, where the country&#039;s most promising cycle start-ups will present their solutions to today&#039;s problems. Following this, TV star G\u00edsli Marteinn Baldursson will have Gu\u00f0laug \u00de\u00f3r \u00de\u00f3r\u00f0arson, Minister of Environment, Climate and Energy, expert Ragnhei\u00f0i Magn\u00fasd\u00f3ttir and entrepreneur and investor Bala Kamalkharan to discuss how we can speed up the implementation of the circular economy in Iceland.<br><br>The event starts at 1pm and ends at 3pm, and those who care about the climate should not miss it. <br><br>Those who are thirsty for more can stroll over to the Aldam\u00f3t bar, where the discussion continues but registration takes place <a href=\"https:\/\/forms.gle\/9eXrZNPpcvfv8oJ6A\" target=\"_blank\" rel=\"noreferrer noopener\">here<\/a>.<br><\/p>\n\n\n\n<div class=\"wp-block-columns is-layout-flex wp-container-core-columns-is-layout-28f84493 wp-block-columns-is-layout-flex\">\n<div class=\"wp-block-column is-layout-flow wp-block-column-is-layout-flow\" style=\"flex-basis:66.66%\">\n<figure class=\"wp-block-video\"><video height=\"1080\" style=\"aspect-ratio: 1080 \/ 1080;\" width=\"1080\" autoplay controls loop src=\"https:\/\/klak.is\/wp-content\/uploads\/2022\/05\/1x1_is.mp4\" playsinline><\/video><\/figure>\n<\/div>\n\n\n\n<div class=\"wp-block-column is-layout-flow wp-block-column-is-layout-flow\" style=\"flex-basis:33.33%\"><\/div>\n<\/div>\n\n\n\n<div class=\"wp-block-group is-layout-flow wp-block-group-is-layout-flow\"><\/div>\n\n\n\n<p class=\"has-text-align-left\"><strong>Program in the Tjarnarsal of the Town Hall<br><\/strong><br><strong>13:00<\/strong>  Event opening \u2013 G\u00edsli Marteinn welcomes guests.<br><strong>13:05 <\/strong> <em>Mini demo day<\/em> \u2013 pitch+shark tank. Presentation of the teams in Hringida and questions.<br><br>The teams in Hringida 2022<br><em>&#8211;<a href=\"https:\/\/www.snerpapower.com\/\" target=\"_blank\" rel=\"noreferrer noopener\">Smart power<\/a><br>&#8211;<a href=\"https:\/\/www.sidewind.is\/\" target=\"_blank\" rel=\"noreferrer noopener\">SideWind<\/a><br>&#8211;<a href=\"https:\/\/www.alvit.is\/\" target=\"_blank\" rel=\"noreferrer noopener\">\u00c1lvit<\/a><br>&#8211;<a href=\"https:\/\/www.ymirtec.com\/\" target=\"_blank\" rel=\"noreferrer noopener\">Various<\/a><br>&#8211;<a href=\"https:\/\/greenbytes.is\/\" target=\"_blank\" rel=\"noreferrer noopener\">GreenBytes<\/a><br>&#8211;<a href=\"https:\/\/ploggin.is\/is\/\" target=\"_blank\" rel=\"noreferrer noopener\">Plogg-In<\/a><br>&#8211;<a href=\"https:\/\/e1.is\/\" target=\"_blank\" rel=\"noreferrer noopener\">e1<\/a><\/em><\/p>\n\n\n\n<p class=\"has-text-align-left\"><br><strong>14:00<\/strong>  Panel discussions \u2013 Gu\u00f0laugur \u00de\u00f3r \u00de\u00f3r\u00f0arson, Bala Kamallakharan, and Ragnhei\u00f0ur Magn\u00fasd\u00f3ttir.<br><strong>15:00 <\/strong> Invited to further discussions at the after-party at Aldam\u00f3t bar. Registration for the after party <a href=\"https:\/\/forms.gle\/9eXrZNPpcvfv8oJ6A\" target=\"_blank\" rel=\"noreferrer noopener\">here<\/a>. <\/p>","protected":false},"excerpt":{"rendered":"<p>N\u00e6sta mi\u00f0vikudag ver\u00f0ur KLAK me\u00f0 vi\u00f0bur\u00f0 \u00ed Tjarnarsal R\u00e1\u00f0h\u00fassins en \u00fear munu framb\u00e6rilegustu hringr\u00e1sar-sprotafyrirt\u00e6ki landsins kynna s\u00ednar lausnir \u00e1 vandam\u00e1lum dagsins \u00ed dag. \u00cd kj\u00f6lfari\u00f0 mun sj\u00f3nvarpsstjarnan G\u00edsli Marteinn Baldursson f\u00e1 til s\u00edn Gu\u00f0laug \u00de\u00f3r \u00de\u00f3r\u00f0arson, Umhverfis-, loftlags- og orkur\u00e1\u00f0herra, Ragnhei\u00f0i Magn\u00fasd\u00f3ttur s\u00e9rfr\u00e6\u00f0ing og athafnamanninn og fj\u00e1rfestinn Bala Kamallakharan til \u00feess a\u00f0 r\u00e6\u00f0a hvernig vi\u00f0 [&hellip;]<\/p>\n","protected":false},"author":25,"featured_media":2935,"comment_status":"open","ping_status":"closed","sticky":false,"template":"","format":"standard","meta":{"_acf_changed":false,"wds_primary_category":0,"wds_primary_project":0,"footnotes":""},"categories":[18],"tags":[255,256,253,81,130,257,258,254,252],"project":[],"birta":[],"class_list":["post-2919","post","type-post","status-publish","format-standard","has-post-thumbnail","hentry","category-hringida","tag-gisli-marteinn-baldursson","tag-gudlaug-thor-thordarson","tag-hringrasar-sprotafyrirtaeki","tag-hringrasarhagkerfisins","tag-klak","tag-loftlags-og-orkuradherra","tag-loftlagsmal","tag-ragnheidi-magnusdottur","tag-tjarnarsal-radhussins"],"acf":{"tengd_verkefni":null},"_links":{"self":[{"href":"https:\/\/klak.is\/en\/wp-json\/wp\/v2\/posts\/2919","targetHints":{"allow":["GET"]}}],"collection":[{"href":"https:\/\/klak.is\/en\/wp-json\/wp\/v2\/posts"}],"about":[{"href":"https:\/\/klak.is\/en\/wp-json\/wp\/v2\/types\/post"}],"author":[{"embeddable":true,"href":"https:\/\/klak.is\/en\/wp-json\/wp\/v2\/users\/25"}],"replies":[{"embeddable":true,"href":"https:\/\/klak.is\/en\/wp-json\/wp\/v2\/comments?post=2919"}],"version-history":[{"count":0,"href":"https:\/\/klak.is\/en\/wp-json\/wp\/v2\/posts\/2919\/revisions"}],"wp:featuredmedia":[{"embeddable":true,"href":"https:\/\/klak.is\/en\/wp-json\/wp\/v2\/media\/2935"}],"wp:attachment":[{"href":"https:\/\/klak.is\/en\/wp-json\/wp\/v2\/media?parent=2919"}],"wp:term":[{"taxonomy":"category","embeddable":true,"href":"https:\/\/klak.is\/en\/wp-json\/wp\/v2\/categories?post=2919"},{"taxonomy":"post_tag","embeddable":true,"href":"https:\/\/klak.is\/en\/wp-json\/wp\/v2\/tags?post=2919"},{"taxonomy":"project","embeddable":true,"href":"https:\/\/klak.is\/en\/wp-json\/wp\/v2\/project?post=2919"},{"taxonomy":"birta","embeddable":true,"href":"https:\/\/klak.is\/en\/wp-json\/wp\/v2\/birta?post=2919"}],"curies":[{"name":"wp","href":"https:\/\/api.w.org\/{rel}","templated":true}]}}