{"id":5143,"date":"2023-01-09T13:30:36","date_gmt":"2023-01-09T13:30:36","guid":{"rendered":"https:\/\/klak.is\/?p=5143"},"modified":"2023-01-09T13:30:37","modified_gmt":"2023-01-09T13:30:37","slug":"verdmaeti-folgin-i-thvi-ad-maeta-a-gulleggid","status":"publish","type":"post","link":"https:\/\/klak.is\/en\/verdmaeti-folgin-i-thvi-ad-maeta-a-gulleggid\/","title":{"rendered":"There is value in attending Gulleggi\u00f0"},"content":{"rendered":"<figure class=\"wp-block-image alignwide size-large\"><img fetchpriority=\"high\" decoding=\"async\" width=\"1024\" height=\"682\" src=\"https:\/\/klak.is\/wp-content\/uploads\/2023\/01\/T2A2935-copy-Edited-Edited-1024x682.png\" alt=\"\" class=\"wp-image-5144\" srcset=\"https:\/\/klak.is\/wp-content\/uploads\/2023\/01\/T2A2935-copy-Edited-Edited-1024x682.png 1024w, https:\/\/klak.is\/wp-content\/uploads\/2023\/01\/T2A2935-copy-Edited-Edited-300x200.png 300w, https:\/\/klak.is\/wp-content\/uploads\/2023\/01\/T2A2935-copy-Edited-Edited-768x512.png 768w, https:\/\/klak.is\/wp-content\/uploads\/2023\/01\/T2A2935-copy-Edited-Edited.png 1067w\" sizes=\"(max-width: 1024px) 100vw, 1024px\" \/><figcaption class=\"wp-element-caption\"><em>Gulleggi\u00f0 - Ger\u00f0ur Arinbjarnad\u00f3ttir, founder of Blush<\/em><\/figcaption><\/figure>\n\n\n\n<p><\/p>\n\n\n\n<p class=\"has-medium-font-size\">&quot;<em>There is great value in attending such events, hearing stories from people who were once in the same shoes, having an idea in hand that made it a reality<\/em>,&quot; says Ger\u00f0ur.<\/p>\n\n\n\n<div style=\"height:18px\" aria-hidden=\"true\" class=\"wp-block-spacer\"><\/div>\n\n\n\n<p class=\"has-medium-font-size\">Made in Blush opens Gullegg&#039;s Masterclass, which will take place on January 21-22.<br><\/p>\n\n\n\n<p class=\"has-medium-font-size\">Ger\u00f0ur Huld Arinbjarnard\u00f3ttir, who was among other things chosen as Market Person of the Year 2021, says that Gulleggi\u00f0 is a great platform for individuals and groups who have a passion and desire to start a business. Whether they have an idea or not. She says many people attend the event to meet other entrepreneurs and gain additional skills. The entrepreneur competition Gulleggi\u00f0 will take place for the 16th time with the Masterclass weekend 21 to 22 January. The masterclass takes place for the second time and is open to all those who register for Gulleggi\u00f0.<\/p>\n\n\n\n<div style=\"height:18px\" aria-hidden=\"true\" class=\"wp-block-spacer\"><\/div>\n\n\n\n<p class=\"has-medium-font-size\">Gulleggi\u00f0 is the biggest entrepreneurial competition in the country, but the competition has been held since 2007. Numerous companies have taken their first steps in Gulleggi\u00f0, including Solid Clouds, Genki, R\u00f3r\u00f3, Meniga and Controlant, which is one of the sponsors of this year&#039;s competition.<\/p>\n\n\n\n<div style=\"height:18px\" aria-hidden=\"true\" class=\"wp-block-spacer\"><\/div>\n\n\n\n<p class=\"has-medium-font-size\">This year, special emphasis will be placed on connecting entrepreneurs and thus forming stronger teams that have the chance to win Gulleggi\u00f0 2023. Almost 300 entrepreneurs registered for the game last year and there are already 59 teams registered this year, but the deadline to register is running out. out January 20.<\/p>\n\n\n\n<div style=\"height:18px\" aria-hidden=\"true\" class=\"wp-block-spacer\"><\/div>\n\n\n\n<p class=\"has-medium-font-size\">Lecturers in Gullegg&#039;s Masterclass will, among other things, cover marketing, the financing environment, real stories of start-up companies, and all will sit in workshops with lecturers.<\/p>\n\n\n\n<div style=\"height:18px\" aria-hidden=\"true\" class=\"wp-block-spacer\"><\/div>\n\n\n\n<p class=\"has-medium-font-size\">One of the main focuses of the Masterclass is teaching entrepreneurs to frame ideas in a good sales presentation. Entrepreneurs then have the opportunity to send in their presentation and try to become one of the 10 start-ups that compete for Gulleggi\u00f0 on February 10, live from Groska.<\/p>\n\n\n\n<div style=\"height:18px\" aria-hidden=\"true\" class=\"wp-block-spacer\"><\/div>\n\n\n\n<p class=\"has-medium-font-size\">The main sponsor of Gullegg 2023 is Landsbankinn, which has been involved in the project from the beginning, but other sponsors include Controlant, Origo, HVIN, Reykjav\u00edkurborg, Hugverkastofa, Advania, Marel, Eyrir Invest, \u00cdslandstofa, Crowberry capital, KPMG, \u00d6lger\u00f0in, Brunnur, Kvika eignastil\u00f0ur, Gr\u00f3ska , Frumtak ventures, V\u00f6r\u00f0ur as well as the University of Reykjav\u00edk, the University of Akureyri and the University of Iceland.<\/p>\n\n\n\n<p><em>Publication: Fr\u00e9ttabla\u00f0\u00f0, 3 January 2023<\/em><\/p>","protected":false},"excerpt":{"rendered":"<p>\u201e\u00dea\u00f0 eru mikil ver\u00f0\u00adm\u00e6ti f\u00f3lgin \u00ed \u00fev\u00ed a\u00f0 m\u00e6ta \u00e1 svona vi\u00f0\u00adbur\u00f0i, f\u00e1 a\u00f0 heyra reynslu\u00ads\u00f6gur fr\u00e1 f\u00f3lki sem var eitt sinn \u00ed s\u00f6mu sporum, a\u00f0 vera me\u00f0 hug\u00admynd \u00ed h\u00f6ndunum sem l\u00e9t \u00fea\u00f0 ver\u00f0a a\u00f0 veru\u00adleika,\u201c segir Ger\u00f0ur. Ger\u00f0ur \u00ed Blush opnar Masterclass Gulleggsins sem fer fram 21. 22. jan\u00faar. Ger\u00f0ur Huld Arinbjarnard\u00f3ttir, sem [&hellip;]<\/p>\n","protected":false},"author":25,"featured_media":5144,"comment_status":"open","ping_status":"closed","sticky":false,"template":"","format":"standard","meta":{"_acf_changed":false,"wds_primary_category":0,"wds_primary_project":0,"footnotes":""},"categories":[10],"tags":[42,288,52,660,659,49,658,160,68],"project":[],"birta":[],"class_list":["post-5143","post","type-post","status-publish","format-standard","has-post-thumbnail","hentry","category-gulleggid","tag-frumkvodlakeppni","tag-frumkvodlanir","tag-frumkvodlar","tag-gerdur-arinbjarnardottir","tag-gerdur-huld-arinbjarnadottir","tag-groska","tag-gullleggid","tag-klak-icelandic-startups-2","tag-kristin-soffia-jonsdottir"],"acf":{"tengd_verkefni":null},"_links":{"self":[{"href":"https:\/\/klak.is\/en\/wp-json\/wp\/v2\/posts\/5143","targetHints":{"allow":["GET"]}}],"collection":[{"href":"https:\/\/klak.is\/en\/wp-json\/wp\/v2\/posts"}],"about":[{"href":"https:\/\/klak.is\/en\/wp-json\/wp\/v2\/types\/post"}],"author":[{"embeddable":true,"href":"https:\/\/klak.is\/en\/wp-json\/wp\/v2\/users\/25"}],"replies":[{"embeddable":true,"href":"https:\/\/klak.is\/en\/wp-json\/wp\/v2\/comments?post=5143"}],"version-history":[{"count":0,"href":"https:\/\/klak.is\/en\/wp-json\/wp\/v2\/posts\/5143\/revisions"}],"wp:featuredmedia":[{"embeddable":true,"href":"https:\/\/klak.is\/en\/wp-json\/wp\/v2\/media\/5144"}],"wp:attachment":[{"href":"https:\/\/klak.is\/en\/wp-json\/wp\/v2\/media?parent=5143"}],"wp:term":[{"taxonomy":"category","embeddable":true,"href":"https:\/\/klak.is\/en\/wp-json\/wp\/v2\/categories?post=5143"},{"taxonomy":"post_tag","embeddable":true,"href":"https:\/\/klak.is\/en\/wp-json\/wp\/v2\/tags?post=5143"},{"taxonomy":"project","embeddable":true,"href":"https:\/\/klak.is\/en\/wp-json\/wp\/v2\/project?post=5143"},{"taxonomy":"birta","embeddable":true,"href":"https:\/\/klak.is\/en\/wp-json\/wp\/v2\/birta?post=5143"}],"curies":[{"name":"wp","href":"https:\/\/api.w.org\/{rel}","templated":true}]}}