{"id":6256,"date":"2023-05-11T09:38:41","date_gmt":"2023-05-11T09:38:41","guid":{"rendered":"https:\/\/klak.is\/?p=6256"},"modified":"2023-05-11T09:40:07","modified_gmt":"2023-05-11T09:40:07","slug":"sigridur-mogensen-accepts-the-board-chairmanship-of-hja-klak","status":"publish","type":"post","link":"https:\/\/klak.is\/en\/sigridur-mogensen-tekur-vid-stjornarformennsku-hja-klak\/","title":{"rendered":"Sigr\u00ed\u00f0ur Mogensen is the new chairman of the KLAK board"},"content":{"rendered":"<figure class=\"wp-block-image alignwide size-full\"><img fetchpriority=\"high\" decoding=\"async\" width=\"768\" height=\"512\" src=\"https:\/\/klak.is\/wp-content\/uploads\/2023\/05\/Klak-stjorn_formadur_Sigridur-Mogensen-hja-SI.jpg\" alt=\"\" class=\"wp-image-6257\" srcset=\"https:\/\/klak.is\/wp-content\/uploads\/2023\/05\/Klak-stjorn_formadur_Sigridur-Mogensen-hja-SI.jpg 768w, https:\/\/klak.is\/wp-content\/uploads\/2023\/05\/Klak-stjorn_formadur_Sigridur-Mogensen-hja-SI-300x200.jpg 300w\" sizes=\"(max-width: 768px) 100vw, 768px\" \/><\/figure>\n\n\n\n<div style=\"height:25px\" aria-hidden=\"true\" class=\"wp-block-spacer\"><\/div>\n\n\n\n<p class=\"has-medium-font-size\">The new board of Klak - Icelandic Startups took office at the company&#039;s general meeting last April 18. Sigr\u00ed\u00f0ur Mogensen, director of the industry and intellectual property division of Samtaka Industriin, took over as chairman of the board of Klak - Icelandic Startups.<\/p>\n\n\n\n<div style=\"height:25px\" aria-hidden=\"true\" class=\"wp-block-spacer\"><\/div>\n\n\n\n<p class=\"has-medium-font-size\">Sigr\u00ed\u00f0ur Mogensen succeeds Soff\u00edu Krist\u00edna \u00de\u00f3r\u00f0ard\u00f3ttir, former product portfolio manager at Origo, who now manages the start-up company PaxFlow. Soff\u00eda has been the backbone of KLAK through all the projects that were in place in the last working year and into the new working year, but the new manager, \u00c1sta S\u00f3llilja Gu\u00f0mundsd\u00f3ttir, took up her duties on March 1 this year.\u00a0<\/p>\n\n\n\n<div style=\"height:25px\" aria-hidden=\"true\" class=\"wp-block-spacer\"><\/div>\n\n\n\n<p class=\"has-medium-font-size\">Hr\u00f6nn Greipsd\u00f3ttir, from the Norwegian Innovation Fund, was elected vice-chairman, and Dr\u00f6fn Gu\u00f0mundsd\u00f3ttir, nominated by Origo, was elected as a new member of the board.<\/p>\n\n\n\n<div style=\"height:25px\" aria-hidden=\"true\" class=\"wp-block-spacer\"><\/div>\n\n\n\n<p class=\"has-medium-font-size\">Managers who were nominated at the general meeting of KLAK-Icelandic Startups by the owners:<\/p>\n\n\n\n<div style=\"height:25px\" aria-hidden=\"true\" class=\"wp-block-spacer\"><\/div>\n\n\n\n<p class=\"has-medium-font-size\">Chairman of the board<\/p>\n\n\n\n<p class=\"has-medium-font-size\">Sigr\u00ed\u00f0ur Mogensen, nominated by the Swedish Industry Association.<\/p>\n\n\n\n<div style=\"height:25px\" aria-hidden=\"true\" class=\"wp-block-spacer\"><\/div>\n\n\n\n<p class=\"has-medium-font-size\">Deputy Chairman<\/p>\n\n\n\n<p class=\"has-medium-font-size\">Hr\u00f6nn Greipsd\u00f3ttir, nominated by the Employment Innovation Fund.<\/p>\n\n\n\n<div style=\"height:25px\" aria-hidden=\"true\" class=\"wp-block-spacer\"><\/div>\n\n\n\n<p class=\"has-medium-font-size\">Co-directors<\/p>\n\n\n\n<p class=\"has-medium-font-size\">Eyj\u00f3lfur Ingi \u00c1sgeirsson, nominated by Reykjav\u00edk University.<\/p>\n\n\n\n<p class=\"has-medium-font-size\">Dr\u00f6fn Gu\u00f0mundsd\u00f3ttir, nominated by Origo.<\/p>\n\n\n\n<p class=\"has-medium-font-size\">\u00d3l\u00f6f Vigd\u00eds Ragnarsd\u00f3ttir, nominated by the University of Iceland.<\/p>","protected":false},"excerpt":{"rendered":"<p>N\u00fd stj\u00f3rn Klak \u2013 Icelandic Startups t\u00f3k vi\u00f0 st\u00f6rfum \u00e1 a\u00f0alfundi f\u00e9lagsins \u00feann 18. apr\u00edl s\u00ed\u00f0astli\u00f0inn. Sigr\u00ed\u00f0ur Mogensen, svi\u00f0sstj\u00f3ri i\u00f0na\u00f0ar- og hugverkasvi\u00f0s Samtaka i\u00f0na\u00f0arins, t\u00f3k vi\u00f0 sem forma\u00f0ur stj\u00f3rnar Klak \u2013 Icelandic Startups. Sigr\u00ed\u00f0ur Mogensen tekur vi\u00f0 af Soff\u00edu Krist\u00ednu \u00de\u00f3r\u00f0ard\u00f3ttur fyrrverandi product portfolio manager hj\u00e1 Origo, sem n\u00fa st\u00fdrir sprotafyrirt\u00e6kinu PaxFlow. Soff\u00eda hefur veri\u00f0 [&hellip;]<\/p>\n","protected":false},"author":25,"featured_media":6258,"comment_status":"closed","ping_status":"closed","sticky":false,"template":"","format":"standard","meta":{"_acf_changed":false,"wds_primary_category":0,"wds_primary_project":0,"footnotes":""},"categories":[1],"tags":[613,182,49,195,793,792,160,193,183,191,194,185,110],"project":[],"birta":[],"class_list":["post-6256","post","type-post","status-publish","format-standard","has-post-thumbnail","hentry","category-uncategorized","tag-drofn-gudmundsdottir","tag-eyjolfur-ingi-asgeirsson","tag-groska","tag-haskoli-islands","tag-haskoli-reykjavikur","tag-hronn-greipsdottir","tag-klak-icelandic-startups-2","tag-nyskopunarsjodur-atvinnulifsisns","tag-olof-vigdis-ragnarsdottir","tag-origo","tag-samtok-idnadarins","tag-sigridur-mogensen","tag-sprotafyrirtaeki"],"acf":{"tengd_verkefni":null},"_links":{"self":[{"href":"https:\/\/klak.is\/en\/wp-json\/wp\/v2\/posts\/6256","targetHints":{"allow":["GET"]}}],"collection":[{"href":"https:\/\/klak.is\/en\/wp-json\/wp\/v2\/posts"}],"about":[{"href":"https:\/\/klak.is\/en\/wp-json\/wp\/v2\/types\/post"}],"author":[{"embeddable":true,"href":"https:\/\/klak.is\/en\/wp-json\/wp\/v2\/users\/25"}],"replies":[{"embeddable":true,"href":"https:\/\/klak.is\/en\/wp-json\/wp\/v2\/comments?post=6256"}],"version-history":[{"count":0,"href":"https:\/\/klak.is\/en\/wp-json\/wp\/v2\/posts\/6256\/revisions"}],"wp:featuredmedia":[{"embeddable":true,"href":"https:\/\/klak.is\/en\/wp-json\/wp\/v2\/media\/6258"}],"wp:attachment":[{"href":"https:\/\/klak.is\/en\/wp-json\/wp\/v2\/media?parent=6256"}],"wp:term":[{"taxonomy":"category","embeddable":true,"href":"https:\/\/klak.is\/en\/wp-json\/wp\/v2\/categories?post=6256"},{"taxonomy":"post_tag","embeddable":true,"href":"https:\/\/klak.is\/en\/wp-json\/wp\/v2\/tags?post=6256"},{"taxonomy":"project","embeddable":true,"href":"https:\/\/klak.is\/en\/wp-json\/wp\/v2\/project?post=6256"},{"taxonomy":"birta","embeddable":true,"href":"https:\/\/klak.is\/en\/wp-json\/wp\/v2\/birta?post=6256"}],"curies":[{"name":"wp","href":"https:\/\/api.w.org\/{rel}","templated":true}]}}