{"id":7968,"date":"2024-02-08T18:43:06","date_gmt":"2024-02-08T18:43:06","guid":{"rendered":"https:\/\/klak.is\/?p=7968"},"modified":"2024-02-08T18:43:08","modified_gmt":"2024-02-08T18:43:08","slug":"top-10-who-compete-for-the-golden-2024","status":"publish","type":"post","link":"https:\/\/klak.is\/en\/topp-10-sem-keppa-um-gulleggid-2024\/","title":{"rendered":"Top 10 competing for the Golden Leg 2024"},"content":{"rendered":"<figure class=\"wp-block-image size-large\"><img fetchpriority=\"high\" decoding=\"async\" width=\"1024\" height=\"683\" src=\"https:\/\/klak.is\/wp-content\/uploads\/2024\/02\/Gulleggid-2024_hopmynd-af-TOPP-10-1024x683.jpg\" alt=\"\" class=\"wp-image-7979\" srcset=\"https:\/\/klak.is\/wp-content\/uploads\/2024\/02\/Gulleggid-2024_hopmynd-af-TOPP-10-1024x683.jpg 1024w, https:\/\/klak.is\/wp-content\/uploads\/2024\/02\/Gulleggid-2024_hopmynd-af-TOPP-10-300x200.jpg 300w, https:\/\/klak.is\/wp-content\/uploads\/2024\/02\/Gulleggid-2024_hopmynd-af-TOPP-10-768x512.jpg 768w, https:\/\/klak.is\/wp-content\/uploads\/2024\/02\/Gulleggid-2024_hopmynd-af-TOPP-10-1536x1024.jpg 1536w, https:\/\/klak.is\/wp-content\/uploads\/2024\/02\/Gulleggid-2024_hopmynd-af-TOPP-10-2048x1366.jpg 2048w, https:\/\/klak.is\/wp-content\/uploads\/2024\/02\/Gulleggid-2024_hopmynd-af-TOPP-10-18x12.jpg 18w\" sizes=\"(max-width: 1024px) 100vw, 1024px\" \/><\/figure>\n\n\n\n<div style=\"height:21px\" aria-hidden=\"true\" class=\"wp-block-spacer\"><\/div>\n\n\n\n<p class=\"has-medium-font-size\"><strong>On Friday, February 9, we will find out which idea will be chosen by Gulleggi\u00f0 2024!<\/strong><\/p>\n\n\n\n<div style=\"height:15px\" aria-hidden=\"true\" class=\"wp-block-spacer\"><\/div>\n\n\n\n<p class=\"has-medium-font-size\">Gulleggi\u00f0, Iceland&#039;s largest and oldest entrepreneurial competition is one of the flagships of KLAK - Icelandic Startups will be launched for the 17th time this year.<\/p>\n\n\n\n<div style=\"height:15px\" aria-hidden=\"true\" class=\"wp-block-spacer\"><\/div>\n\n\n\n<p class=\"has-medium-font-size\">Do you want to be in the hall at the Gr\u00f3ska ideakh\u00fas when the winner receives the Golden Egg 2024?<\/p>\n\n\n\n<div style=\"height:15px\" aria-hidden=\"true\" class=\"wp-block-spacer\"><\/div>\n\n\n\n<p class=\"has-medium-font-size\">Register here to secure your place in Groska&#039;s festival hall:<br><a href=\"https:\/\/forms.gle\/HQEwwUBgsJ5w1CQ36\">https:\/\/forms.gle\/HQEwwUBgsJ5w1CQ36<\/a><\/p>\n\n\n\n<div style=\"height:15px\" aria-hidden=\"true\" class=\"wp-block-spacer\"><\/div>\n\n\n\n<p class=\"has-medium-font-size\">It will be possible to vote for the most popular team! It will be told how it will be during the competition itself in Gr\u00f3ska.<\/p>\n\n\n\n<div style=\"height:25px\" aria-hidden=\"true\" class=\"wp-block-spacer\"><\/div>\n\n\n\n<p class=\"has-medium-font-size\">Here are the TOP 10 teams that will compete for the Golden Leg 2024<\/p>\n\n\n\n<div style=\"height:25px\" aria-hidden=\"true\" class=\"wp-block-spacer\"><\/div>\n\n\n\n<div class=\"wp-block-media-text is-stacked-on-mobile\"><figure class=\"wp-block-media-text__media\"><img decoding=\"async\" width=\"1024\" height=\"1024\" data-src=\"https:\/\/klak.is\/wp-content\/uploads\/2024\/02\/3-1024x1024.png\" alt=\"\" class=\"wp-image-7978 size-full lazyload\" data-srcset=\"https:\/\/klak.is\/wp-content\/uploads\/2024\/02\/3-1024x1024.png 1024w, https:\/\/klak.is\/wp-content\/uploads\/2024\/02\/3-300x300.png 300w, https:\/\/klak.is\/wp-content\/uploads\/2024\/02\/3-150x150.png 150w, https:\/\/klak.is\/wp-content\/uploads\/2024\/02\/3-768x768.png 768w, https:\/\/klak.is\/wp-content\/uploads\/2024\/02\/3-12x12.png 12w, https:\/\/klak.is\/wp-content\/uploads\/2024\/02\/3.png 1080w\" data-sizes=\"auto\" src=\"data:image\/svg+xml;base64,PHN2ZyB3aWR0aD0iMSIgaGVpZ2h0PSIxIiB4bWxucz0iaHR0cDovL3d3dy53My5vcmcvMjAwMC9zdmciPjwvc3ZnPg==\" style=\"--smush-placeholder-width: 1024px; --smush-placeholder-aspect-ratio: 1024\/1024;\" data-original-sizes=\"(max-width: 1024px) 100vw, 1024px\" \/><\/figure><div class=\"wp-block-media-text__content\">\n<p class=\"has-large-font-size\"><strong>Explore Iceland - tour guide<\/strong><\/p>\n\n\n\n<div style=\"height:10px\" aria-hidden=\"true\" class=\"wp-block-spacer\"><\/div>\n\n\n\n<p class=\"has-medium-font-size\">Explore Iceland \u2013 tour guide is the guide in the car.<\/p>\n\n\n\n<p class=\"has-medium-font-size\">The team:&nbsp;<\/p>\n\n\n\n<p class=\"has-medium-font-size\">Zakar\u00edas Fri\u00f0riksson<br>Thor\u00f0ur Fri\u00f0riksson<\/p>\n<\/div><\/div>\n\n\n\n<div class=\"wp-block-media-text has-media-on-the-right is-stacked-on-mobile\"><div class=\"wp-block-media-text__content\">\n<p class=\"has-large-font-size\"><strong>FairGame<\/strong><\/p>\n\n\n\n<div style=\"height:10px\" aria-hidden=\"true\" class=\"wp-block-spacer\"><\/div>\n\n\n\n<p>FairGame is a platform for sports tournaments for children and teenagers, with FairGame we intend to put children&#039;s experience first, with the use of artificial intelligence, the platform is trained with the results of games and finds the real strengths of the teams so that our children get fair challenges.<\/p>\n\n\n\n<p>For tournament organizers, FairGame ensures games are organized efficiently, transforming days of planning into seconds!<\/p>\n\n\n\n<p>The FairGame App gives parents and guardians all the information in real time.<\/p>\n\n\n\n<p>The team:&nbsp;<\/p>\n\n\n\n<p>J\u00f3hannes \u00d3lafur J\u00f3hannesson<br>J\u00f3n Levy Gu\u00f0mundsson<\/p>\n<\/div><figure class=\"wp-block-media-text__media\"><img decoding=\"async\" width=\"1024\" height=\"1024\" data-src=\"https:\/\/klak.is\/wp-content\/uploads\/2024\/02\/7-1024x1024.png\" alt=\"\" class=\"wp-image-7977 size-full lazyload\" data-srcset=\"https:\/\/klak.is\/wp-content\/uploads\/2024\/02\/7-1024x1024.png 1024w, https:\/\/klak.is\/wp-content\/uploads\/2024\/02\/7-300x300.png 300w, https:\/\/klak.is\/wp-content\/uploads\/2024\/02\/7-150x150.png 150w, https:\/\/klak.is\/wp-content\/uploads\/2024\/02\/7-768x768.png 768w, https:\/\/klak.is\/wp-content\/uploads\/2024\/02\/7-12x12.png 12w, https:\/\/klak.is\/wp-content\/uploads\/2024\/02\/7.png 1080w\" data-sizes=\"auto\" src=\"data:image\/svg+xml;base64,PHN2ZyB3aWR0aD0iMSIgaGVpZ2h0PSIxIiB4bWxucz0iaHR0cDovL3d3dy53My5vcmcvMjAwMC9zdmciPjwvc3ZnPg==\" style=\"--smush-placeholder-width: 1024px; --smush-placeholder-aspect-ratio: 1024\/1024;\" data-original-sizes=\"(max-width: 1024px) 100vw, 1024px\" \/><\/figure><\/div>\n\n\n\n<div class=\"wp-block-media-text is-stacked-on-mobile\"><figure class=\"wp-block-media-text__media\"><img decoding=\"async\" width=\"1024\" height=\"1024\" data-src=\"https:\/\/klak.is\/wp-content\/uploads\/2024\/02\/8-1024x1024.png\" alt=\"\" class=\"wp-image-7976 size-full lazyload\" data-srcset=\"https:\/\/klak.is\/wp-content\/uploads\/2024\/02\/8-1024x1024.png 1024w, https:\/\/klak.is\/wp-content\/uploads\/2024\/02\/8-300x300.png 300w, https:\/\/klak.is\/wp-content\/uploads\/2024\/02\/8-150x150.png 150w, https:\/\/klak.is\/wp-content\/uploads\/2024\/02\/8-768x768.png 768w, https:\/\/klak.is\/wp-content\/uploads\/2024\/02\/8-12x12.png 12w, https:\/\/klak.is\/wp-content\/uploads\/2024\/02\/8.png 1080w\" data-sizes=\"auto\" src=\"data:image\/svg+xml;base64,PHN2ZyB3aWR0aD0iMSIgaGVpZ2h0PSIxIiB4bWxucz0iaHR0cDovL3d3dy53My5vcmcvMjAwMC9zdmciPjwvc3ZnPg==\" style=\"--smush-placeholder-width: 1024px; --smush-placeholder-aspect-ratio: 1024\/1024;\" data-original-sizes=\"(max-width: 1024px) 100vw, 1024px\" \/><\/figure><div class=\"wp-block-media-text__content\">\n<p class=\"has-large-font-size\"><strong>Fl\u00f6ff \u2013 text\u00edlvinnslan<\/strong><\/p>\n\n\n\n<div style=\"height:10px\" aria-hidden=\"true\" class=\"wp-block-spacer\"><\/div>\n\n\n\n<p>Flaff - the textile industry develops a new method of reusing unusable textiles domestically. With the right equipment, it is possible to shred textiles and create new material. First, we are going to look at textile waste from companies, eg employee clothing, and bring that textile back into circulation and at the same time create value for companies.<br><\/p>\n\n\n\n<p>The team:&nbsp;<\/p>\n\n\n\n<p>S\u00e6unn Kjartansd\u00f3ttir<br>\u00d3l\u00f6f Sigr\u00ed\u00f0ur J\u00f3hannsd\u00f3ttir<br>Ragnhei\u00f0ur Stef\u00e1nsd\u00f3ttir<br>Margr\u00e9t Katr\u00edn Guttormsd\u00f3ttir<br>Sigr\u00ed\u00f0ur Tryggvad\u00f3ttir<br>J\u00faliana Sveinsd\u00f3ttir<\/p>\n<\/div><\/div>\n\n\n\n<div class=\"wp-block-media-text has-media-on-the-right is-stacked-on-mobile\"><div class=\"wp-block-media-text__content\">\n<p class=\"has-large-font-size\"><strong>Jar\u00f0arGreining<\/strong><\/p>\n\n\n\n<div style=\"height:10px\" aria-hidden=\"true\" class=\"wp-block-spacer\"><\/div>\n\n\n\n<p>Earth Analysis is a project that aims to develop a high-tech method that uses ground radar and drone technology to study and evaluate the physical and structural characteristics of an object while leaving it intact. A wide range of services will be offered: from analysis of house roofs to pipe and cable analysis, from topography and bottom measurements to preliminary analysis for archaeological excavations and natural assessment.<\/p>\n\n\n\n<p>The team:&nbsp;<\/p>\n\n\n\n<p>Morgane Priet-Mah\u00e9o<br>Eysteinn Sigur\u00f0sson<\/p>\n<\/div><figure class=\"wp-block-media-text__media\"><img decoding=\"async\" width=\"1024\" height=\"1024\" data-src=\"https:\/\/klak.is\/wp-content\/uploads\/2024\/02\/10-1024x1024.png\" alt=\"\" class=\"wp-image-7975 size-full lazyload\" data-srcset=\"https:\/\/klak.is\/wp-content\/uploads\/2024\/02\/10-1024x1024.png 1024w, https:\/\/klak.is\/wp-content\/uploads\/2024\/02\/10-300x300.png 300w, https:\/\/klak.is\/wp-content\/uploads\/2024\/02\/10-150x150.png 150w, https:\/\/klak.is\/wp-content\/uploads\/2024\/02\/10-768x768.png 768w, https:\/\/klak.is\/wp-content\/uploads\/2024\/02\/10-12x12.png 12w, https:\/\/klak.is\/wp-content\/uploads\/2024\/02\/10.png 1080w\" data-sizes=\"auto\" src=\"data:image\/svg+xml;base64,PHN2ZyB3aWR0aD0iMSIgaGVpZ2h0PSIxIiB4bWxucz0iaHR0cDovL3d3dy53My5vcmcvMjAwMC9zdmciPjwvc3ZnPg==\" style=\"--smush-placeholder-width: 1024px; --smush-placeholder-aspect-ratio: 1024\/1024;\" data-original-sizes=\"(max-width: 1024px) 100vw, 1024px\" \/><\/figure><\/div>\n\n\n\n<div class=\"wp-block-media-text is-stacked-on-mobile\"><figure class=\"wp-block-media-text__media\"><img decoding=\"async\" width=\"1024\" height=\"1024\" data-src=\"https:\/\/klak.is\/wp-content\/uploads\/2024\/02\/2-1024x1024.png\" alt=\"\" class=\"wp-image-7974 size-full lazyload\" data-srcset=\"https:\/\/klak.is\/wp-content\/uploads\/2024\/02\/2-1024x1024.png 1024w, https:\/\/klak.is\/wp-content\/uploads\/2024\/02\/2-300x300.png 300w, https:\/\/klak.is\/wp-content\/uploads\/2024\/02\/2-150x150.png 150w, https:\/\/klak.is\/wp-content\/uploads\/2024\/02\/2-768x768.png 768w, https:\/\/klak.is\/wp-content\/uploads\/2024\/02\/2-12x12.png 12w, https:\/\/klak.is\/wp-content\/uploads\/2024\/02\/2.png 1080w\" data-sizes=\"auto\" src=\"data:image\/svg+xml;base64,PHN2ZyB3aWR0aD0iMSIgaGVpZ2h0PSIxIiB4bWxucz0iaHR0cDovL3d3dy53My5vcmcvMjAwMC9zdmciPjwvc3ZnPg==\" style=\"--smush-placeholder-width: 1024px; --smush-placeholder-aspect-ratio: 1024\/1024;\" data-original-sizes=\"(max-width: 1024px) 100vw, 1024px\" \/><\/figure><div class=\"wp-block-media-text__content\">\n<p class=\"has-large-font-size\"><strong>Memm.Care<\/strong><\/p>\n\n\n\n<div style=\"height:10px\" aria-hidden=\"true\" class=\"wp-block-spacer\"><\/div>\n\n\n\n<p>Memm.Care is AI assisted care for dementia patients. 100 Happy days, enhancing patients&#039; quality of life.<br><\/p>\n\n\n\n<p>The team:&nbsp;<\/p>\n\n\n\n<p>Sigr\u00fan Jenny Bar\u00f0ard\u00f3ttir<br>Halli Thorkelsson<\/p>\n<\/div><\/div>\n\n\n\n<div class=\"wp-block-media-text has-media-on-the-right is-stacked-on-mobile\"><div class=\"wp-block-media-text__content\">\n<p class=\"has-large-font-size\"><strong>SeaGrowth<\/strong><\/p>\n\n\n\n<div style=\"height:10px\" aria-hidden=\"true\" class=\"wp-block-spacer\"><\/div>\n\n\n\n<p>Sea Growth&#039;s idea is to produce raw fish products from fish cells, i.e. so-called ecological fish. The process is such that an initial sample is taken from a wild healthy fish and the cells are grown in specially designed biological tanks. Renewable energy and Icelandic water will be used for this.<br><br>The team:<br>Birgitta GS: \u00c1sgr\u00edmsd\u00f3ttir<br>Alexander Schepsky<br>Martin Uetz<br>Sigr\u00fan Gu\u00f0j\u00f3nsd\u00f3ttir<\/p>\n<\/div><figure class=\"wp-block-media-text__media\"><img decoding=\"async\" width=\"1024\" height=\"1024\" data-src=\"https:\/\/klak.is\/wp-content\/uploads\/2024\/02\/1-1024x1024.png\" alt=\"\" class=\"wp-image-7973 size-full lazyload\" data-srcset=\"https:\/\/klak.is\/wp-content\/uploads\/2024\/02\/1-1024x1024.png 1024w, https:\/\/klak.is\/wp-content\/uploads\/2024\/02\/1-300x300.png 300w, https:\/\/klak.is\/wp-content\/uploads\/2024\/02\/1-150x150.png 150w, https:\/\/klak.is\/wp-content\/uploads\/2024\/02\/1-768x768.png 768w, https:\/\/klak.is\/wp-content\/uploads\/2024\/02\/1-12x12.png 12w, https:\/\/klak.is\/wp-content\/uploads\/2024\/02\/1.png 1080w\" data-sizes=\"auto\" src=\"data:image\/svg+xml;base64,PHN2ZyB3aWR0aD0iMSIgaGVpZ2h0PSIxIiB4bWxucz0iaHR0cDovL3d3dy53My5vcmcvMjAwMC9zdmciPjwvc3ZnPg==\" style=\"--smush-placeholder-width: 1024px; --smush-placeholder-aspect-ratio: 1024\/1024;\" data-original-sizes=\"(max-width: 1024px) 100vw, 1024px\" \/><\/figure><\/div>\n\n\n\n<div class=\"wp-block-media-text is-stacked-on-mobile\"><figure class=\"wp-block-media-text__media\"><img decoding=\"async\" width=\"1024\" height=\"1024\" data-src=\"https:\/\/klak.is\/wp-content\/uploads\/2024\/02\/9-1024x1024.png\" alt=\"\" class=\"wp-image-7972 size-full lazyload\" data-srcset=\"https:\/\/klak.is\/wp-content\/uploads\/2024\/02\/9-1024x1024.png 1024w, https:\/\/klak.is\/wp-content\/uploads\/2024\/02\/9-300x300.png 300w, https:\/\/klak.is\/wp-content\/uploads\/2024\/02\/9-150x150.png 150w, https:\/\/klak.is\/wp-content\/uploads\/2024\/02\/9-768x768.png 768w, https:\/\/klak.is\/wp-content\/uploads\/2024\/02\/9-12x12.png 12w, https:\/\/klak.is\/wp-content\/uploads\/2024\/02\/9.png 1080w\" data-sizes=\"auto\" src=\"data:image\/svg+xml;base64,PHN2ZyB3aWR0aD0iMSIgaGVpZ2h0PSIxIiB4bWxucz0iaHR0cDovL3d3dy53My5vcmcvMjAwMC9zdmciPjwvc3ZnPg==\" style=\"--smush-placeholder-width: 1024px; --smush-placeholder-aspect-ratio: 1024\/1024;\" data-original-sizes=\"(max-width: 1024px) 100vw, 1024px\" \/><\/figure><div class=\"wp-block-media-text__content\">\n<p class=\"has-large-font-size\"><strong>Snatalabb<\/strong><\/p>\n\n\n\n<div style=\"height:10px\" aria-hidden=\"true\" class=\"wp-block-spacer\"><\/div>\n\n\n\n<p>Snatalabb is an app that connects dog owners and certified sitters and walkers to exchange services and create a safe and healthy job environment in Iceland to compete on the global market. The concept is based on the Uber\/Airbnb model, founding a platform with great potential to impact a community.<br><\/p>\n\n\n\n<p>The team:&nbsp;<\/p>\n\n\n\n<p>Charlotta Sigmundsd\u00f3ttir<br>Nastasia Czechowska<br>Hr\u00f3bjartur B\u00f6\u00f0varsson<br>Elias Helgi Kofoed-Hansen<\/p>\n<\/div><\/div>\n\n\n\n<div class=\"wp-block-media-text has-media-on-the-right is-stacked-on-mobile\"><div class=\"wp-block-media-text__content\">\n<p class=\"has-large-font-size\"><strong>Thorexa<\/strong><\/p>\n\n\n\n<div style=\"height:10px\" aria-hidden=\"true\" class=\"wp-block-spacer\"><\/div>\n\n\n\n<p>Thorexa will build an email response to the mails received based on previous mails and company data. This will reduce the writing time of the workers and imitate their writing style.<\/p>\n\n\n\n<p>The same solution can automatically reply to mails to other employees of the company if an employee leaves, so that his knowledge is not lost in the data chaos.<br><\/p>\n\n\n\n<p>The team:&nbsp;<\/p>\n\n\n\n<p>\u00de\u00f3r T\u00f3masarson<br>Thoroddsen&#039;s interior<br>Bjarni \u00de\u00f3r G\u00edslason<br>\u00cdris L\u00edf Stef\u00e1nsd\u00f3ttir<\/p>\n<\/div><figure class=\"wp-block-media-text__media\"><img decoding=\"async\" width=\"1024\" height=\"1024\" data-src=\"https:\/\/klak.is\/wp-content\/uploads\/2024\/02\/6-1024x1024.png\" alt=\"\" class=\"wp-image-7971 size-full lazyload\" data-srcset=\"https:\/\/klak.is\/wp-content\/uploads\/2024\/02\/6-1024x1024.png 1024w, https:\/\/klak.is\/wp-content\/uploads\/2024\/02\/6-300x300.png 300w, https:\/\/klak.is\/wp-content\/uploads\/2024\/02\/6-150x150.png 150w, https:\/\/klak.is\/wp-content\/uploads\/2024\/02\/6-768x768.png 768w, https:\/\/klak.is\/wp-content\/uploads\/2024\/02\/6-12x12.png 12w, https:\/\/klak.is\/wp-content\/uploads\/2024\/02\/6.png 1080w\" data-sizes=\"auto\" src=\"data:image\/svg+xml;base64,PHN2ZyB3aWR0aD0iMSIgaGVpZ2h0PSIxIiB4bWxucz0iaHR0cDovL3d3dy53My5vcmcvMjAwMC9zdmciPjwvc3ZnPg==\" style=\"--smush-placeholder-width: 1024px; --smush-placeholder-aspect-ratio: 1024\/1024;\" data-original-sizes=\"(max-width: 1024px) 100vw, 1024px\" \/><\/figure><\/div>\n\n\n\n<div class=\"wp-block-media-text is-stacked-on-mobile\"><figure class=\"wp-block-media-text__media\"><img decoding=\"async\" width=\"1024\" height=\"1024\" data-src=\"https:\/\/klak.is\/wp-content\/uploads\/2024\/02\/5-1024x1024.png\" alt=\"\" class=\"wp-image-7970 size-full lazyload\" data-srcset=\"https:\/\/klak.is\/wp-content\/uploads\/2024\/02\/5-1024x1024.png 1024w, https:\/\/klak.is\/wp-content\/uploads\/2024\/02\/5-300x300.png 300w, https:\/\/klak.is\/wp-content\/uploads\/2024\/02\/5-150x150.png 150w, https:\/\/klak.is\/wp-content\/uploads\/2024\/02\/5-768x768.png 768w, https:\/\/klak.is\/wp-content\/uploads\/2024\/02\/5-12x12.png 12w, https:\/\/klak.is\/wp-content\/uploads\/2024\/02\/5.png 1080w\" data-sizes=\"auto\" src=\"data:image\/svg+xml;base64,PHN2ZyB3aWR0aD0iMSIgaGVpZ2h0PSIxIiB4bWxucz0iaHR0cDovL3d3dy53My5vcmcvMjAwMC9zdmciPjwvc3ZnPg==\" style=\"--smush-placeholder-width: 1024px; --smush-placeholder-aspect-ratio: 1024\/1024;\" data-original-sizes=\"(max-width: 1024px) 100vw, 1024px\" \/><\/figure><div class=\"wp-block-media-text__content\">\n<p class=\"has-large-font-size\"><strong>Ullark\u00f6gglar<\/strong><\/p>\n\n\n\n<div style=\"height:10px\" aria-hidden=\"true\" class=\"wp-block-spacer\"><\/div>\n\n\n\n<p>Ullark\u00f6gglar will add value to farmer&#039;s low quality wool and enriching our soils with organic wool pellet fertilizer.<br><br>The team:<br>Alice Sowa<\/p>\n<\/div><\/div>\n\n\n\n<div class=\"wp-block-media-text has-media-on-the-right is-stacked-on-mobile\"><div class=\"wp-block-media-text__content\">\n<p class=\"has-large-font-size\"><strong>Vegsk\u00e1li<\/strong><\/p>\n\n\n\n<div style=\"height:10px\" aria-hidden=\"true\" class=\"wp-block-spacer\"><\/div>\n\n\n\n<p>Vegsk\u00e1li is about building from fast-hardening fiber concrete over critical infrastructure threatened by lava, allowing lava to flow over the shelters and leaving the infrastructure intact and usable.<br><\/p>\n\n\n\n<p>The team:<br>\u00c1sgeir Halld\u00f3rsson<br>Annas J\u00f3n Sigmundsson<br>Svavar Halld\u00f3rsson<\/p>\n<\/div><figure class=\"wp-block-media-text__media\"><img decoding=\"async\" width=\"1080\" height=\"1080\" data-src=\"https:\/\/klak.is\/wp-content\/uploads\/2024\/02\/4-1024x1024.png\" alt=\"\" class=\"wp-image-7969 size-full lazyload\" data-srcset=\"https:\/\/klak.is\/wp-content\/uploads\/2024\/02\/4-1024x1024.png 1024w, https:\/\/klak.is\/wp-content\/uploads\/2024\/02\/4-300x300.png 300w, https:\/\/klak.is\/wp-content\/uploads\/2024\/02\/4-150x150.png 150w, https:\/\/klak.is\/wp-content\/uploads\/2024\/02\/4-768x768.png 768w, https:\/\/klak.is\/wp-content\/uploads\/2024\/02\/4-12x12.png 12w, https:\/\/klak.is\/wp-content\/uploads\/2024\/02\/4.png 1080w\" data-sizes=\"auto\" src=\"data:image\/svg+xml;base64,PHN2ZyB3aWR0aD0iMSIgaGVpZ2h0PSIxIiB4bWxucz0iaHR0cDovL3d3dy53My5vcmcvMjAwMC9zdmciPjwvc3ZnPg==\" style=\"--smush-placeholder-width: 1080px; --smush-placeholder-aspect-ratio: 1080\/1080;\" data-original-sizes=\"(max-width: 1080px) 100vw, 1080px\" \/><\/figure><\/div>","protected":false},"excerpt":{"rendered":"<p>F\u00f6studaginn 9. febr\u00faar f\u00e1um vi\u00f0 a\u00f0 vita hva\u00f0a hugmynd hreppir Gulleggi\u00f0 2024! Gulleggi\u00f0, st\u00e6rsta og elsta frumkv\u00f6\u00f0lakeppni \u00cdslands er eitt af flaggskipum KLAK &#8211; Icelandic Startups ver\u00f0ur keyrt \u00ed gang \u00ed 17. skipti\u00f0 \u00ed \u00e1r. Viltu vera \u00ed salnum \u00ed Gr\u00f3ska hugmyndah\u00fas \u00feegar sigurvegari tekur vi\u00f0 Gullegginu 2024? Skr\u00e1\u00f0u \u00feig h\u00e9r til a\u00f0 tryggja \u00fe\u00e9r [&hellip;]<\/p>\n","protected":false},"author":25,"featured_media":7979,"comment_status":"closed","ping_status":"closed","sticky":false,"template":"","format":"standard","meta":{"_acf_changed":false,"wds_primary_category":0,"wds_primary_project":0,"footnotes":""},"categories":[10],"tags":[49,35,160,303,110],"project":[],"birta":[],"class_list":["post-7968","post","type-post","status-publish","format-standard","has-post-thumbnail","hentry","category-gulleggid","tag-groska","tag-gulleggid","tag-klak-icelandic-startups-2","tag-nyskopun","tag-sprotafyrirtaeki"],"acf":{"tengd_verkefni":null},"_links":{"self":[{"href":"https:\/\/klak.is\/en\/wp-json\/wp\/v2\/posts\/7968","targetHints":{"allow":["GET"]}}],"collection":[{"href":"https:\/\/klak.is\/en\/wp-json\/wp\/v2\/posts"}],"about":[{"href":"https:\/\/klak.is\/en\/wp-json\/wp\/v2\/types\/post"}],"author":[{"embeddable":true,"href":"https:\/\/klak.is\/en\/wp-json\/wp\/v2\/users\/25"}],"replies":[{"embeddable":true,"href":"https:\/\/klak.is\/en\/wp-json\/wp\/v2\/comments?post=7968"}],"version-history":[{"count":0,"href":"https:\/\/klak.is\/en\/wp-json\/wp\/v2\/posts\/7968\/revisions"}],"wp:featuredmedia":[{"embeddable":true,"href":"https:\/\/klak.is\/en\/wp-json\/wp\/v2\/media\/7979"}],"wp:attachment":[{"href":"https:\/\/klak.is\/en\/wp-json\/wp\/v2\/media?parent=7968"}],"wp:term":[{"taxonomy":"category","embeddable":true,"href":"https:\/\/klak.is\/en\/wp-json\/wp\/v2\/categories?post=7968"},{"taxonomy":"post_tag","embeddable":true,"href":"https:\/\/klak.is\/en\/wp-json\/wp\/v2\/tags?post=7968"},{"taxonomy":"project","embeddable":true,"href":"https:\/\/klak.is\/en\/wp-json\/wp\/v2\/project?post=7968"},{"taxonomy":"birta","embeddable":true,"href":"https:\/\/klak.is\/en\/wp-json\/wp\/v2\/birta?post=7968"}],"curies":[{"name":"wp","href":"https:\/\/api.w.org\/{rel}","templated":true}]}}