{"id":8687,"date":"2024-06-04T18:30:41","date_gmt":"2024-06-04T18:30:41","guid":{"rendered":"https:\/\/klak.is\/?p=8687"},"modified":"2024-06-04T18:36:53","modified_gmt":"2024-06-04T18:36:53","slug":"superclass-for-startups-with-scalable-business-solutions","status":"publish","type":"post","link":"https:\/\/klak.is\/en\/superclass-fyrir-sprota-med-skalanlegar-vidskiptalausnir\/","title":{"rendered":"A superclass for startups with scalable business solutions"},"content":{"rendered":"<figure class=\"wp-block-image size-large\"><img fetchpriority=\"high\" decoding=\"async\" width=\"1024\" height=\"683\" src=\"https:\/\/klak.is\/wp-content\/uploads\/2024\/06\/image_123650291-1024x683.jpg\" alt=\"\" class=\"wp-image-8688\" srcset=\"https:\/\/klak.is\/wp-content\/uploads\/2024\/06\/image_123650291-1024x683.jpg 1024w, https:\/\/klak.is\/wp-content\/uploads\/2024\/06\/image_123650291-300x200.jpg 300w, https:\/\/klak.is\/wp-content\/uploads\/2024\/06\/image_123650291-768x512.jpg 768w, https:\/\/klak.is\/wp-content\/uploads\/2024\/06\/image_123650291-1536x1024.jpg 1536w, https:\/\/klak.is\/wp-content\/uploads\/2024\/06\/image_123650291-2048x1365.jpg 2048w, https:\/\/klak.is\/wp-content\/uploads\/2024\/06\/image_123650291-18x12.jpg 18w\" sizes=\"(max-width: 1024px) 100vw, 1024px\" \/><\/figure>\n\n\n\n<p>The business accelerator Startup SuperNova will start with a Superclass in the Sugar Hall in Gr\u00f3ska on June 6. Superclass are two days of free workshops and lectures for entrepreneurs who want to accelerate the progress of their startup and make it a promising investment option aimed at the international market. The application deadline for Superclass is midnight on Wednesday, June 5.&nbsp;<\/p>\n\n\n\n<p>&quot;Startup SuperNova is one of the coolest business accelerators that we at KLAK - Icelandic Startups run every year in good cooperation with Nova and Huawei with support from Gr\u00f3ska ideokadah\u00fas. This year, teams developing solutions related to the telecommunications sector and 5G technology are particularly encouraged to apply.<strong> <\/strong>We look forward to working with the entrepreneurs on June 6-7, but you need to attend Superclass to be able to apply to the business accelerator itself&quot;<br><\/p>\n\n\n\n<p>The purpose of Superclass Startup SuperNova is to prepare startups that want to apply to the accelerator to make an 18-month action plan.&nbsp;<\/p>\n\n\n\n<p>&quot;We have various experts and experienced people from the innovation environment, but among the speakers are Margr\u00e9t Tryggvad\u00f3ttir, CEO of Nova, Jason Zhangxiaoyu, Country Manager of Huawei Iceland and Tryggvi \u00deorgeirsson, Manager of Sidekick Health. We encourage everyone to apply for the Superclass on the Startup SuperNova website&quot; says Magn\u00fas Da\u00f0a Eyj\u00f3lfsson, project manager of Startup SuperNova at KLAK - Icelandic Startups.<\/p>","protected":false},"excerpt":{"rendered":"<p>Vi\u00f0skiptahra\u00f0allinn Startup SuperNova hefst me\u00f0 Superclass \u00ed Sykursalnum \u00ed Gr\u00f3sku \u00feann 6. j\u00fani. Superclass eru tveggja daga \u00f3keypis vinnustofur og fyrirlestrar fyrir frumkv\u00f6\u00f0la sem vilja hra\u00f0a framgangi sprotans s\u00edns og gera hann a\u00f0 efnilegum fj\u00e1rfestingarkosti \u00e6tlu\u00f0um al\u00fej\u00f3\u00f0amarka\u00f0i. Ums\u00f3knarfrestur \u00ed Superclass er til mi\u00f0n\u00e6ttis mi\u00f0vikudaginn 5. j\u00fan\u00ed.&nbsp; \u201cStartup SuperNova er einn flottasti vi\u00f0skiptahra\u00f0allinn sem vi\u00f0 hj\u00e1 [&hellip;]<\/p>\n","protected":false},"author":11,"featured_media":8688,"comment_status":"closed","ping_status":"closed","sticky":false,"template":"","format":"standard","meta":{"_acf_changed":false,"wds_primary_category":0,"wds_primary_project":0,"footnotes":""},"categories":[832,230],"tags":[],"project":[],"birta":[],"class_list":["post-8687","post","type-post","status-publish","format-standard","has-post-thumbnail","hentry","category-masterclass","category-startup-supernova"],"acf":{"tengd_verkefni":null},"_links":{"self":[{"href":"https:\/\/klak.is\/en\/wp-json\/wp\/v2\/posts\/8687","targetHints":{"allow":["GET"]}}],"collection":[{"href":"https:\/\/klak.is\/en\/wp-json\/wp\/v2\/posts"}],"about":[{"href":"https:\/\/klak.is\/en\/wp-json\/wp\/v2\/types\/post"}],"author":[{"embeddable":true,"href":"https:\/\/klak.is\/en\/wp-json\/wp\/v2\/users\/11"}],"replies":[{"embeddable":true,"href":"https:\/\/klak.is\/en\/wp-json\/wp\/v2\/comments?post=8687"}],"version-history":[{"count":0,"href":"https:\/\/klak.is\/en\/wp-json\/wp\/v2\/posts\/8687\/revisions"}],"wp:featuredmedia":[{"embeddable":true,"href":"https:\/\/klak.is\/en\/wp-json\/wp\/v2\/media\/8688"}],"wp:attachment":[{"href":"https:\/\/klak.is\/en\/wp-json\/wp\/v2\/media?parent=8687"}],"wp:term":[{"taxonomy":"category","embeddable":true,"href":"https:\/\/klak.is\/en\/wp-json\/wp\/v2\/categories?post=8687"},{"taxonomy":"post_tag","embeddable":true,"href":"https:\/\/klak.is\/en\/wp-json\/wp\/v2\/tags?post=8687"},{"taxonomy":"project","embeddable":true,"href":"https:\/\/klak.is\/en\/wp-json\/wp\/v2\/project?post=8687"},{"taxonomy":"birta","embeddable":true,"href":"https:\/\/klak.is\/en\/wp-json\/wp\/v2\/birta?post=8687"}],"curies":[{"name":"wp","href":"https:\/\/api.w.org\/{rel}","templated":true}]}}