{"id":794,"count":2,"description":"","link":"https:\/\/klak.is\/en\/tag\/thuridur-bjorg-gudnadottir\/","name":"\u00dar\u00ed\u00f0ur Bj\u00f6rg Gu\u00f0nad\u00f3ttir","slug":"thuridur-bjorg-gudnadottir","taxonomy":"post_tag","meta":[],"_links":{"self":[{"href":"https:\/\/klak.is\/en\/wp-json\/wp\/v2\/tags\/794","targetHints":{"allow":["GET"]}}],"collection":[{"href":"https:\/\/klak.is\/en\/wp-json\/wp\/v2\/tags"}],"about":[{"href":"https:\/\/klak.is\/en\/wp-json\/wp\/v2\/taxonomies\/post_tag"}],"wp:post_type":[{"href":"https:\/\/klak.is\/en\/wp-json\/wp\/v2\/posts?tags=794"},{"href":"https:\/\/klak.is\/en\/wp-json\/wp\/v2\/projects?tags=794"},{"href":"https:\/\/klak.is\/en\/wp-json\/wp\/v2\/sprotar?tags=794"},{"href":"https:\/\/klak.is\/en\/wp-json\/wp\/v2\/mentors?tags=794"},{"href":"https:\/\/klak.is\/en\/wp-json\/wp\/v2\/staff?tags=794"}],"curies":[{"name":"wp","href":"https:\/\/api.w.org\/{rel}","templated":true}]}}