{"id":936,"count":1,"description":"","link":"https:\/\/klak.is\/en\/tag\/anna-regina-bjornsdottir\/","name":"Anna Reg\u00edna Bj\u00f6rnsd\u00f3ttir","slug":"anna-regina-bjornsdottir","taxonomy":"post_tag","meta":[],"_links":{"self":[{"href":"https:\/\/klak.is\/en\/wp-json\/wp\/v2\/tags\/936","targetHints":{"allow":["GET"]}}],"collection":[{"href":"https:\/\/klak.is\/en\/wp-json\/wp\/v2\/tags"}],"about":[{"href":"https:\/\/klak.is\/en\/wp-json\/wp\/v2\/taxonomies\/post_tag"}],"wp:post_type":[{"href":"https:\/\/klak.is\/en\/wp-json\/wp\/v2\/posts?tags=936"},{"href":"https:\/\/klak.is\/en\/wp-json\/wp\/v2\/projects?tags=936"},{"href":"https:\/\/klak.is\/en\/wp-json\/wp\/v2\/sprotar?tags=936"},{"href":"https:\/\/klak.is\/en\/wp-json\/wp\/v2\/mentors?tags=936"},{"href":"https:\/\/klak.is\/en\/wp-json\/wp\/v2\/staff?tags=936"}],"curies":[{"name":"wp","href":"https:\/\/api.w.org\/{rel}","templated":true}]}}